{"id":101649,"date":"2019-08-15T16:00:44","date_gmt":"2019-08-15T14:00:44","guid":{"rendered":"https:\/\/zjarr.tv\/?p=101649"},"modified":"2019-08-15T16:00:44","modified_gmt":"2019-08-15T14:00:44","slug":"arratisja-nga-shqiperia-ne-2018-u-larguan-me-shume-se-2-e-popullsise","status":"publish","type":"post","link":"https:\/\/zjarr.tv\/sq\/arratisja-nga-shqiperia-ne-2018-u-larguan-me-shume-se-2-e-popullsise\/","title":{"rendered":"Arratisja nga Shqip\u00ebria, n\u00eb 2018 u larguan m\u00eb shum\u00eb se 2% e popullsis\u00eb"},"content":{"rendered":"<p>Nga Ballkani Per\u00ebndimor drejt vendeve t\u00eb BE-s\u00eb vet\u00ebm vitin e kaluar kan\u00eb shkuar 228.000 persona, pohojn\u00eb burime t\u00eb EUROSTAT.<\/p>\n<p>Numrin m\u00eb t\u00eb madh t\u00eb k\u00ebtij emigrimi si p\u00ebrher\u00eb e z\u00ebn\u00eb shqiptar\u00ebt me 62 mij\u00eb qytetar\u00eb, m\u00eb pas nga Bosnje Hercegovina me 53.500 dhe nga Kosova 34.500 persona.<\/p>\n<div class=\"in-artile-read-more\">\n<h2><\/h2>\n<\/div>\n<p>Nd\u00ebrkaq edhe nga Maqedonia e Veriut jan\u00eb larguar 24.300, Mali i Zi 3000 persona.<\/p>\n<div id=\"rekl-13\">\n<div id=\"__sap-ad-15\" class=\"__sap-ads __sap-html tracked\" data-title=\"Credins desktop 08\"><ins><\/p>\n<div id=\"beacon_2d3d202505\"><img loading=\"lazy\" decoding=\"async\" src=\"https:\/\/ads1.medium.al\/www\/delivery\/lg.php?bannerid=373&amp;campaignid=48&amp;zoneid=182&amp;loc=https%3A%2F%2Fwww.syri.net%2Fpolitike%2F274089%2Farratisja-nga-shqiperia-ne-2018-u-larguan-me-shume-se-2-e-popullsise%2F&amp;referer=https%3A%2F%2Fwww.syri.net%2Flajme%2F&amp;cb=2d3d202505\" alt=\"\" width=\"0\" height=\"0\" \/><\/div>\n<p><\/ins><\/div>\n<\/div>\n<p>Shqiptar\u00ebt q\u00eb z\u00ebn\u00eb vendin e par\u00eb t\u00eb t\u00eb larguarve m\u00eb shum\u00eb, jan\u00eb p\u00ebrqendruar n\u00eb Itali me 23.000, Greqi 17.000 dhe Gjermani 10.000.<\/p>\n<p>Nd\u00ebrsa t\u00eb ikurit nga vende t\u00eb tjera t\u00eb rajonit jan\u00eb p\u00ebrqendruar kryesisht n\u00eb Gjermani, Austri, Slloveni dhe Sllovaki.<\/p>\n<p>N\u00eb raport me numrin e popullsis\u00eb m\u00eb shum\u00eb largime jan\u00eb sh\u00ebnuar nga Shqip\u00ebria me nj\u00eb popullsi 2.8 milion\u00eb banore q\u00eb i thon\u00eb 2,2% e popullsis\u00eb ka emigruar nd\u00ebrkoh\u00eb q\u00eb nga Bosnja dhe Kosova jan\u00eb larguar 2% e popullsis\u00eb.<\/p>\n","protected":false},"excerpt":{"rendered":"<p>Nga Ballkani Per\u00ebndimor drejt vendeve t\u00eb BE-s\u00eb vet\u00ebm vitin e kaluar kan\u00eb shkuar 228.000 persona, pohojn\u00eb burime t\u00eb EUROSTAT. Numrin m\u00eb t\u00eb madh t\u00eb k\u00ebtij emigrimi si p\u00ebrher\u00eb e z\u00ebn\u00eb shqiptar\u00ebt me 62 mij\u00eb qytetar\u00eb, m\u00eb pas nga Bosnje Hercegovina me 53.500 dhe nga Kosova 34.500 persona. Nd\u00ebrkaq edhe nga Maqedonia e Veriut jan\u00eb larguar [&hellip;]<\/p>\n","protected":false},"author":2013,"featured_media":101650,"comment_status":"open","ping_status":"closed","sticky":false,"template":"","format":"standard","meta":{"footnotes":""},"categories":[241,235],"tags":[],"class_list":{"0":"post-101649","1":"post","2":"type-post","3":"status-publish","4":"format-standard","5":"has-post-thumbnail","7":"category-aktualitet","8":"category-vendi"},"_links":{"self":[{"href":"https:\/\/zjarr.tv\/sq\/wp-json\/wp\/v2\/posts\/101649","targetHints":{"allow":["GET"]}}],"collection":[{"href":"https:\/\/zjarr.tv\/sq\/wp-json\/wp\/v2\/posts"}],"about":[{"href":"https:\/\/zjarr.tv\/sq\/wp-json\/wp\/v2\/types\/post"}],"author":[{"embeddable":true,"href":"https:\/\/zjarr.tv\/sq\/wp-json\/wp\/v2\/users\/2013"}],"replies":[{"embeddable":true,"href":"https:\/\/zjarr.tv\/sq\/wp-json\/wp\/v2\/comments?post=101649"}],"version-history":[{"count":0,"href":"https:\/\/zjarr.tv\/sq\/wp-json\/wp\/v2\/posts\/101649\/revisions"}],"wp:featuredmedia":[{"embeddable":true,"href":"https:\/\/zjarr.tv\/sq\/wp-json\/wp\/v2\/media\/101650"}],"wp:attachment":[{"href":"https:\/\/zjarr.tv\/sq\/wp-json\/wp\/v2\/media?parent=101649"}],"wp:term":[{"taxonomy":"category","embeddable":true,"href":"https:\/\/zjarr.tv\/sq\/wp-json\/wp\/v2\/categories?post=101649"},{"taxonomy":"post_tag","embeddable":true,"href":"https:\/\/zjarr.tv\/sq\/wp-json\/wp\/v2\/tags?post=101649"}],"curies":[{"name":"wp","href":"https:\/\/api.w.org\/{rel}","templated":true}]}}