{"id":101669,"date":"2019-08-15T19:10:43","date_gmt":"2019-08-15T17:10:43","guid":{"rendered":"https:\/\/zjarr.tv\/?p=101669"},"modified":"2019-08-15T16:12:16","modified_gmt":"2019-08-15T14:12:16","slug":"laburistet-mocion-kunder-johnson","status":"publish","type":"post","link":"https:\/\/zjarr.tv\/sq\/laburistet-mocion-kunder-johnson\/","title":{"rendered":"Laburist\u00ebt mocion kund\u00ebr Johnson"},"content":{"rendered":"<p>Partia kryesore opozitare n\u00eb Britanin\u00eb e Madhe, pritet t\u00eb propozoj\u00eb nj\u00eb mocion mosbesimi kund\u00ebr kryeministrit Boris Xhonson.<\/p>\n<p>Kreu i laburist\u00ebve, Xheremi Korbin, tha t\u00eb m\u00ebrkur\u00ebn se n\u00ebse qeveria rr\u00ebzohet, ai do t\u00eb k\u00ebrkoj\u00eb zgjedhje t\u00eb parakohshme dhe nj\u00eb tjet\u00ebr referendum p\u00ebr Brexit.<\/p>\n<p><strong>Corbyn:<\/strong>\u00a0<em>Mocioni yn\u00eb i mosbesimit ka p\u00ebr q\u00ebllim ndaljen e qeveris\u00eb, q\u00eb t\u00eb mos e nxjerr\u00eb vendin nga Bashkimi Europian pa nj\u00eb marr\u00ebveshje m\u00eb 31 tetor. Ne shpresojm\u00eb q\u00eb edhe partit\u00eb e tjera t\u00eb opozit\u00ebs t\u00eb na mb\u00ebshtetin.<\/em><\/p>\n<p>Ai shtoi se n\u00eb rast se mocioni votohet n\u00eb shumic\u00eb, do t\u00eb marr\u00eb p\u00ebrsip\u00ebr qeverin\u00eb n\u00eb rolin e kujdestarit p\u00ebr nj\u00eb koh\u00eb t\u00eb kufizuar.<\/p>\n<p>Data e mocionit nuk parashikohet t\u00eb caktohet p\u00ebrpara 3 shtatorit, kur edhe parlamentar\u00ebt kthehen nga pushimet e tyre verore.<\/p>\n<p>Plani i laburist\u00ebve \u00ebsht\u00eb refuzuar nga opozitar\u00ebt liberaldemokrat\u00eb, t\u00eb cil\u00ebt e kan\u00eb konsideruar at\u00eb absurd, nd\u00ebrsa t\u00eb gjelbrit jan\u00eb shprehur pro mocionit kund\u00ebr qeveris\u00eb por k\u00ebrkojn\u00eb q\u00eb referendumi p\u00ebr Brexit t\u00eb mbahet p\u00ebrpara zgjedhjeve t\u00eb parakohshme.<\/p>\n<p>Nd\u00ebrkoh\u00eb nj\u00eb dit\u00eb m\u00eb par\u00eb, kreu i qeveris\u00eb, Johonson, i etiketoi si &#8220;kolaboracionist\u00eb&#8221; deputet\u00ebt q\u00eb po tentojn\u00eb t\u00eb bllokojn\u00eb daljen e Mbret\u00ebris\u00eb s\u00eb Bashkuar nga BE-ja.<\/p>\n<p>Ai s\u00ebrish apeloi p\u00ebr kompromis rreth pikave m\u00eb t\u00eb nxehta, p\u00ebrndryshe \u00ebsht\u00eb i gatsh\u00ebm pas 3 vjet\u00ebsh q\u00eb ta shk\u00ebput\u00eb vendin nga unioni pa marr\u00ebveshje.<\/p>\n","protected":false},"excerpt":{"rendered":"<p>Partia kryesore opozitare n\u00eb Britanin\u00eb e Madhe, pritet t\u00eb propozoj\u00eb nj\u00eb mocion mosbesimi kund\u00ebr kryeministrit Boris Xhonson. Kreu i laburist\u00ebve, Xheremi Korbin, tha t\u00eb m\u00ebrkur\u00ebn se n\u00ebse qeveria rr\u00ebzohet, ai do t\u00eb k\u00ebrkoj\u00eb zgjedhje t\u00eb parakohshme dhe nj\u00eb tjet\u00ebr referendum p\u00ebr Brexit. Corbyn:\u00a0Mocioni yn\u00eb i mosbesimit ka p\u00ebr q\u00ebllim ndaljen e qeveris\u00eb, q\u00eb t\u00eb mos [&hellip;]<\/p>\n","protected":false},"author":2013,"featured_media":101670,"comment_status":"open","ping_status":"closed","sticky":false,"template":"","format":"standard","meta":{"footnotes":""},"categories":[241,191],"tags":[],"class_list":{"0":"post-101669","1":"post","2":"type-post","3":"status-publish","4":"format-standard","5":"has-post-thumbnail","7":"category-aktualitet","8":"category-bota"},"_links":{"self":[{"href":"https:\/\/zjarr.tv\/sq\/wp-json\/wp\/v2\/posts\/101669","targetHints":{"allow":["GET"]}}],"collection":[{"href":"https:\/\/zjarr.tv\/sq\/wp-json\/wp\/v2\/posts"}],"about":[{"href":"https:\/\/zjarr.tv\/sq\/wp-json\/wp\/v2\/types\/post"}],"author":[{"embeddable":true,"href":"https:\/\/zjarr.tv\/sq\/wp-json\/wp\/v2\/users\/2013"}],"replies":[{"embeddable":true,"href":"https:\/\/zjarr.tv\/sq\/wp-json\/wp\/v2\/comments?post=101669"}],"version-history":[{"count":0,"href":"https:\/\/zjarr.tv\/sq\/wp-json\/wp\/v2\/posts\/101669\/revisions"}],"wp:featuredmedia":[{"embeddable":true,"href":"https:\/\/zjarr.tv\/sq\/wp-json\/wp\/v2\/media\/101670"}],"wp:attachment":[{"href":"https:\/\/zjarr.tv\/sq\/wp-json\/wp\/v2\/media?parent=101669"}],"wp:term":[{"taxonomy":"category","embeddable":true,"href":"https:\/\/zjarr.tv\/sq\/wp-json\/wp\/v2\/categories?post=101669"},{"taxonomy":"post_tag","embeddable":true,"href":"https:\/\/zjarr.tv\/sq\/wp-json\/wp\/v2\/tags?post=101669"}],"curies":[{"name":"wp","href":"https:\/\/api.w.org\/{rel}","templated":true}]}}