{"id":101672,"date":"2019-08-15T19:20:30","date_gmt":"2019-08-15T17:20:30","guid":{"rendered":"https:\/\/zjarr.tv\/?p=101672"},"modified":"2019-08-15T16:13:36","modified_gmt":"2019-08-15T14:13:36","slug":"trump-xi-jinping-per-hong-kongun","status":"publish","type":"post","link":"https:\/\/zjarr.tv\/sq\/trump-xi-jinping-per-hong-kongun\/","title":{"rendered":"Trump-Xi Jinping p\u00ebr Hong Kongun"},"content":{"rendered":"<p><em>Presidenti amerikan dhe ai kinez mund t\u00eb takohen personalisht p\u00ebr t\u00eb diskutuar mbi kriz\u00ebn dhe zgjidhjen sa m\u00eb paq\u00ebsisht t\u00eb konfliktit n\u00eb Hongkong. Kina vazhdon t\u00eb mbaj\u00eb q\u00ebndrime kritike ndaj protestave t\u00eb dhunshme, dhe ka mobilizuar mij\u00ebra trupa dhe mjete ushtarake n\u00eb kufi me rajonin e vet\u00ebqeverisur kinez.<\/em><\/p>\n<p>Presidenti amerikan, Donald Trump, ka propozuar nj\u00eb takim personal me homologun e tij kinez, Shi Xhinping, p\u00ebr t\u00eb folur p\u00ebr kriz\u00ebn politike n\u00eb Hongkong.<\/p>\n<p>Me an\u00eb t\u00eb nj\u00eb postimi n\u00eb T\u00ebitter, kreu i Sht\u00ebpis\u00eb s\u00eb Bardh\u00eb tha se shpreson q\u00eb situata n\u00eb rajonin gjysmautonom t\u00eb Kin\u00ebs do t\u00eb zgjidhet paq\u00ebsisht.<\/p>\n<p><strong>Trump:<\/strong>\u00a0<em>Un\u00eb e njoh shum\u00eb mir\u00eb presidentin kinez Shi. Ai \u00ebsht\u00eb lider i fort\u00eb q\u00eb respektohet nga populli i vet. Nuk kam asnj\u00eb dyshim se n\u00ebse presidenti Shi do q\u00eb problemi n\u00eb Hongkong t\u00eb zgjidhet shpejt dhe n\u00eb m\u00ebnyr\u00eb humane, ai mund ta b\u00ebj\u00eb,&#8221; shkroi Trump, duke e mbyllur postimin e tij me pyetjen p\u00ebr nj\u00eb takim privat mes pal\u00ebve.<\/em><\/p>\n<p>Postimi erdhi pas kritikave se lideri amerikan nuk i ka kushtuar v\u00ebmendje rebelimit antiqeveritar n\u00eb Hongkong.<\/p>\n<p>Protestat nis\u00ebn prej muajit mars por tensionet jan\u00eb rritur ve\u00e7an\u00ebrisht n\u00eb dhjet\u00eb jav\u00ebt e fundit.<\/p>\n<p>Si provokim sh\u00ebrbeu projektligji q\u00eb parashikon ekstradimin e personave t\u00eb k\u00ebrkuar drejt Kin\u00ebs.<\/p>\n<p>Edhe pse nisma \u00ebsht\u00eb pezulluar, vijon aksioni opozitar p\u00ebr demokraci dhe p\u00ebrplasjet me autoritetet lokale.<\/p>\n<p>Pekini i ka krahasuar protestuesit e dhunsh\u00ebm me terrorist\u00eb, dhe nuk e ka p\u00ebrjashtuar opsionin e nd\u00ebrhyrjes ushtarake p\u00ebr t\u00eb garantuar ruajtjen e rendit publik.<\/p>\n<p>N\u00eb gatishm\u00ebri mendohet se po q\u00ebndrojn\u00eb mij\u00ebra trupa dhe makina t\u00eb forcave t\u00eb armatosura, t\u00eb cilat edhe t\u00eb enjten parakaluan brenda nj\u00eb stadiumi n\u00eb nj\u00eb qytet kufitar me Hongkongun.<\/p>\n<p>Nd\u00ebrhyrja ushtarake n\u00eb qytet do t\u00eb ishte e para q\u00eb nga viti 1997, kur rajoni i vet\u00ebqeverisur iu bashkua Kin\u00ebs.<\/p>\n","protected":false},"excerpt":{"rendered":"<p>Presidenti amerikan dhe ai kinez mund t\u00eb takohen personalisht p\u00ebr t\u00eb diskutuar mbi kriz\u00ebn dhe zgjidhjen sa m\u00eb paq\u00ebsisht t\u00eb konfliktit n\u00eb Hongkong. Kina vazhdon t\u00eb mbaj\u00eb q\u00ebndrime kritike ndaj protestave t\u00eb dhunshme, dhe ka mobilizuar mij\u00ebra trupa dhe mjete ushtarake n\u00eb kufi me rajonin e vet\u00ebqeverisur kinez. Presidenti amerikan, Donald Trump, ka propozuar nj\u00eb [&hellip;]<\/p>\n","protected":false},"author":2013,"featured_media":101673,"comment_status":"open","ping_status":"closed","sticky":false,"template":"","format":"standard","meta":{"footnotes":""},"categories":[241,191],"tags":[],"class_list":{"0":"post-101672","1":"post","2":"type-post","3":"status-publish","4":"format-standard","5":"has-post-thumbnail","7":"category-aktualitet","8":"category-bota"},"_links":{"self":[{"href":"https:\/\/zjarr.tv\/sq\/wp-json\/wp\/v2\/posts\/101672","targetHints":{"allow":["GET"]}}],"collection":[{"href":"https:\/\/zjarr.tv\/sq\/wp-json\/wp\/v2\/posts"}],"about":[{"href":"https:\/\/zjarr.tv\/sq\/wp-json\/wp\/v2\/types\/post"}],"author":[{"embeddable":true,"href":"https:\/\/zjarr.tv\/sq\/wp-json\/wp\/v2\/users\/2013"}],"replies":[{"embeddable":true,"href":"https:\/\/zjarr.tv\/sq\/wp-json\/wp\/v2\/comments?post=101672"}],"version-history":[{"count":0,"href":"https:\/\/zjarr.tv\/sq\/wp-json\/wp\/v2\/posts\/101672\/revisions"}],"wp:featuredmedia":[{"embeddable":true,"href":"https:\/\/zjarr.tv\/sq\/wp-json\/wp\/v2\/media\/101673"}],"wp:attachment":[{"href":"https:\/\/zjarr.tv\/sq\/wp-json\/wp\/v2\/media?parent=101672"}],"wp:term":[{"taxonomy":"category","embeddable":true,"href":"https:\/\/zjarr.tv\/sq\/wp-json\/wp\/v2\/categories?post=101672"},{"taxonomy":"post_tag","embeddable":true,"href":"https:\/\/zjarr.tv\/sq\/wp-json\/wp\/v2\/tags?post=101672"}],"curies":[{"name":"wp","href":"https:\/\/api.w.org\/{rel}","templated":true}]}}