{"id":101675,"date":"2019-08-15T19:30:57","date_gmt":"2019-08-15T17:30:57","guid":{"rendered":"https:\/\/zjarr.tv\/?p=101675"},"modified":"2019-08-15T16:15:30","modified_gmt":"2019-08-15T14:15:30","slug":"ushtarakja-nga-kosova-gradohet-rreshter-majore-ne-komanden-e-regjimentit-elitar-amerikan","status":"publish","type":"post","link":"https:\/\/zjarr.tv\/sq\/ushtarakja-nga-kosova-gradohet-rreshter-majore-ne-komanden-e-regjimentit-elitar-amerikan\/","title":{"rendered":"Ushtarakja nga Kosova gradohet Rreshter-Majore n\u00eb Komand\u00ebn e Regjimentit elitar amerikan"},"content":{"rendered":"<p>Shqiptarja nga Kosova, Arelena Shala,\u00a0\u00ebsht\u00eb p\u00ebrzgjedhur rreshter majore e komand\u00ebs s\u00eb Regjimentit n\u00eb Akademin\u00eb West Point n\u00eb SHBA.<\/p>\n<p>K\u00ebt\u00eb lajm e ka b\u00ebr\u00eb t\u00eb ditur ambasadorja e Kosov\u00ebs n\u00eb SHBA, Vlora \u00c7itaku.<\/p>\n<p>Diplomatja kosovare ka treguar se Akademia ushtarake West Point \u00ebsht\u00eb institucioni m\u00eb elitar n\u00eb SHBA, dhe se kadet\u00ebt q\u00eb dalin nga kjo akademi udh\u00ebheqin jo vet\u00ebm me ushtrin\u00eb, por edhe me shtetin.<\/p>\n<p>Procedura e rekrutimit, sipas saj, \u00ebsht\u00eb tep\u00ebr rigoroze.<\/p>\n<p><em>\u201cVet\u00ebm m\u00eb t\u00eb mir\u00ebt kan\u00eb privilegjin t\u00eb shkollohen aty. Ajka e ajk\u00ebs<\/em>\u201d, ka rr\u00ebfyer \u00c7itaku.<\/p>\n<p>Kosova, sipas saj, \u00ebsht\u00eb e nderuar q\u00eb ka dy kadet q\u00eb po shkollohen aty, e t\u00eb cil\u00ebt jan\u00eb pranuar me merita vetanake.<\/p>\n<p><em>\u201cE sot, mu mbush\u00ebn syt\u00eb me lot nga g\u00ebzimi kur pash\u00eb lajmin q\u00eb vajza jon\u00eb Arelena Shala \u00ebsht\u00eb p\u00ebrzgjedhur rreshter majore e komand\u00ebs s\u00eb Regjimentit n\u00eb Akademin\u00eb West Point! Mes 4400 kadet\u00ebve elitar, Arelena jon\u00eb sh\u00ebndrit\u00eb si yll! #ZemraMal!\u201d.,<\/em>\u00a0ka shkruar \u00c7itaku n\u00eb llogarin\u00eb e saj n\u00eb Facebook.<\/p>\n","protected":false},"excerpt":{"rendered":"<p>Shqiptarja nga Kosova, Arelena Shala,\u00a0\u00ebsht\u00eb p\u00ebrzgjedhur rreshter majore e komand\u00ebs s\u00eb Regjimentit n\u00eb Akademin\u00eb West Point n\u00eb SHBA. K\u00ebt\u00eb lajm e ka b\u00ebr\u00eb t\u00eb ditur ambasadorja e Kosov\u00ebs n\u00eb SHBA, Vlora \u00c7itaku. Diplomatja kosovare ka treguar se Akademia ushtarake West Point \u00ebsht\u00eb institucioni m\u00eb elitar n\u00eb SHBA, dhe se kadet\u00ebt q\u00eb dalin nga kjo akademi [&hellip;]<\/p>\n","protected":false},"author":2013,"featured_media":101676,"comment_status":"open","ping_status":"closed","sticky":false,"template":"","format":"standard","meta":{"footnotes":""},"categories":[241,2],"tags":[],"class_list":{"0":"post-101675","1":"post","2":"type-post","3":"status-publish","4":"format-standard","5":"has-post-thumbnail","7":"category-aktualitet","8":"category-rajoni"},"_links":{"self":[{"href":"https:\/\/zjarr.tv\/sq\/wp-json\/wp\/v2\/posts\/101675","targetHints":{"allow":["GET"]}}],"collection":[{"href":"https:\/\/zjarr.tv\/sq\/wp-json\/wp\/v2\/posts"}],"about":[{"href":"https:\/\/zjarr.tv\/sq\/wp-json\/wp\/v2\/types\/post"}],"author":[{"embeddable":true,"href":"https:\/\/zjarr.tv\/sq\/wp-json\/wp\/v2\/users\/2013"}],"replies":[{"embeddable":true,"href":"https:\/\/zjarr.tv\/sq\/wp-json\/wp\/v2\/comments?post=101675"}],"version-history":[{"count":0,"href":"https:\/\/zjarr.tv\/sq\/wp-json\/wp\/v2\/posts\/101675\/revisions"}],"wp:featuredmedia":[{"embeddable":true,"href":"https:\/\/zjarr.tv\/sq\/wp-json\/wp\/v2\/media\/101676"}],"wp:attachment":[{"href":"https:\/\/zjarr.tv\/sq\/wp-json\/wp\/v2\/media?parent=101675"}],"wp:term":[{"taxonomy":"category","embeddable":true,"href":"https:\/\/zjarr.tv\/sq\/wp-json\/wp\/v2\/categories?post=101675"},{"taxonomy":"post_tag","embeddable":true,"href":"https:\/\/zjarr.tv\/sq\/wp-json\/wp\/v2\/tags?post=101675"}],"curies":[{"name":"wp","href":"https:\/\/api.w.org\/{rel}","templated":true}]}}