{"id":101678,"date":"2019-08-15T19:40:21","date_gmt":"2019-08-15T17:40:21","guid":{"rendered":"https:\/\/zjarr.tv\/?p=101678"},"modified":"2019-08-15T16:17:08","modified_gmt":"2019-08-15T14:17:08","slug":"tragjedia-ne-diten-e-shen-merise-i-riu-vd-es-nga-asfiksia-pasi-banesa-iu-dogj-nga-zjarri","status":"publish","type":"post","link":"https:\/\/zjarr.tv\/sq\/tragjedia-ne-diten-e-shen-merise-i-riu-vd-es-nga-asfiksia-pasi-banesa-iu-dogj-nga-zjarri\/","title":{"rendered":"Tragjedia n\u00eb dit\u00ebn e Sh\u00ebn M\u00ebris\u00eb, i riu vd.es nga asfiksia pasi banesa iu dogj nga zjarri"},"content":{"rendered":"<p>Nj\u00eb i ri humbi jet\u00ebn n\u00eb m\u00ebnyr\u00eb tragjike n\u00eb dit\u00ebn e Sh\u00ebn M\u00ebris\u00eb, pasi sht\u00ebpia e tij u p\u00ebrfshi nga zjarri. Ngjarja u sh\u00ebnua rreth or\u00ebs 06:45 t\u00eb m\u00ebngjesit t\u00eb sot\u00ebm n\u00eb Patras t\u00eb Greqis\u00eb, kur kati i par\u00eb i nj\u00eb sht\u00ebpie dy kat\u00ebshe n\u00eb rrug\u00ebn Aginoros, n\u00eb zon\u00ebn e Iteas u p\u00ebrfshi nga flak\u00ebt.<\/p>\n<p>Gjat\u00eb nd\u00ebrhyrjes p\u00ebr shuarjen e zjarrit, forcat zjarrfik\u00ebse gjet\u00ebn brenda nj\u00eb 29 vje\u00e7ar pa shenja jete. Ai ishte bllokuar n\u00eb banes\u00eb pasi nuk mundi t\u00eb hapte grilat elektrike dhe t\u00eb shp\u00ebtonte, duke humbur jet\u00ebn nga asfiksia.<\/p>\n<p>Sh\u00ebrbimeve t\u00eb urgjenc\u00ebs q\u00eb u d\u00ebrguan n\u00eb vendngjarje iu desh t\u00eb d\u00ebrgonin oksigjen p\u00ebr tre zjarrfik\u00ebs q\u00eb kishin probleme me frym\u00ebmarrjen p\u00ebr shkak t\u00eb dioksidit t\u00eb karbonit t\u00eb thithur gjat\u00eb zjarrit, pasi sht\u00ebpia ishte e mbyllur totalisht me grila dhe nuk mund t\u00eb hapeshin.<\/p>\n","protected":false},"excerpt":{"rendered":"<p>Nj\u00eb i ri humbi jet\u00ebn n\u00eb m\u00ebnyr\u00eb tragjike n\u00eb dit\u00ebn e Sh\u00ebn M\u00ebris\u00eb, pasi sht\u00ebpia e tij u p\u00ebrfshi nga zjarri. Ngjarja u sh\u00ebnua rreth or\u00ebs 06:45 t\u00eb m\u00ebngjesit t\u00eb sot\u00ebm n\u00eb Patras t\u00eb Greqis\u00eb, kur kati i par\u00eb i nj\u00eb sht\u00ebpie dy kat\u00ebshe n\u00eb rrug\u00ebn Aginoros, n\u00eb zon\u00ebn e Iteas u p\u00ebrfshi nga flak\u00ebt. [&hellip;]<\/p>\n","protected":false},"author":2013,"featured_media":101679,"comment_status":"open","ping_status":"closed","sticky":false,"template":"","format":"standard","meta":{"footnotes":""},"categories":[241,2],"tags":[],"class_list":{"0":"post-101678","1":"post","2":"type-post","3":"status-publish","4":"format-standard","5":"has-post-thumbnail","7":"category-aktualitet","8":"category-rajoni"},"_links":{"self":[{"href":"https:\/\/zjarr.tv\/sq\/wp-json\/wp\/v2\/posts\/101678","targetHints":{"allow":["GET"]}}],"collection":[{"href":"https:\/\/zjarr.tv\/sq\/wp-json\/wp\/v2\/posts"}],"about":[{"href":"https:\/\/zjarr.tv\/sq\/wp-json\/wp\/v2\/types\/post"}],"author":[{"embeddable":true,"href":"https:\/\/zjarr.tv\/sq\/wp-json\/wp\/v2\/users\/2013"}],"replies":[{"embeddable":true,"href":"https:\/\/zjarr.tv\/sq\/wp-json\/wp\/v2\/comments?post=101678"}],"version-history":[{"count":0,"href":"https:\/\/zjarr.tv\/sq\/wp-json\/wp\/v2\/posts\/101678\/revisions"}],"wp:featuredmedia":[{"embeddable":true,"href":"https:\/\/zjarr.tv\/sq\/wp-json\/wp\/v2\/media\/101679"}],"wp:attachment":[{"href":"https:\/\/zjarr.tv\/sq\/wp-json\/wp\/v2\/media?parent=101678"}],"wp:term":[{"taxonomy":"category","embeddable":true,"href":"https:\/\/zjarr.tv\/sq\/wp-json\/wp\/v2\/categories?post=101678"},{"taxonomy":"post_tag","embeddable":true,"href":"https:\/\/zjarr.tv\/sq\/wp-json\/wp\/v2\/tags?post=101678"}],"curies":[{"name":"wp","href":"https:\/\/api.w.org\/{rel}","templated":true}]}}