{"id":101681,"date":"2019-08-15T19:50:18","date_gmt":"2019-08-15T17:50:18","guid":{"rendered":"https:\/\/zjarr.tv\/?p=101681"},"modified":"2019-08-15T16:18:11","modified_gmt":"2019-08-15T14:18:11","slug":"haradinaj-vazhdimi-i-dialogut-pa-kushte-dhe-pa-vonesa","status":"publish","type":"post","link":"https:\/\/zjarr.tv\/sq\/haradinaj-vazhdimi-i-dialogut-pa-kushte-dhe-pa-vonesa\/","title":{"rendered":"Haradinaj: Vazhdimi i dialogut pa kushte dhe pa vonesa"},"content":{"rendered":"<p>Kryeministri i dor\u00ebhequr i Kosov\u00ebs, Ramush Haradinaj, \u00ebsht\u00eb shprehur n\u00eb favor t\u00eb vazhdimit t\u00eb dialogut me Serbin\u00eb mir\u00ebpo, sipas tij, ai duhet t\u00eb jet\u00eb pa kushte.<\/p>\n<p>P\u00ebrmes nj\u00eb postimi n\u00eb Twitter, Haradinaj, ka th\u00ebn\u00eb se qeveria i ka prezentuar vendeve t\u00eb Kuint-it dhe Bashkimit Evropian, draft-marr\u00ebveshjen gjith\u00ebp\u00ebrfshir\u00ebse ku p\u00ebrfshihen tema t\u00eb pap\u00ebrfunduara p\u00ebr njohje t\u00eb dyanshme n\u00eb kufijt ekzistues.<\/p>\n<p><em>\u201cPajtohem p\u00ebr nevoj\u00ebn e normalizimit t\u00eb raporteve nd\u00ebrmjet Kosov\u00ebs dhe Serbis\u00eb. Qeveria i ka prezentuar Kuint-it dhe BE-s\u00eb draftin e marr\u00ebveshjes gjith\u00ebp\u00ebrfshir\u00ebse q\u00eb p\u00ebrfshin\u00eb temat p\u00ebr njohje t\u00eb dyanshme n\u00eb kufijt ekzistues. E ritheksoj se dialogu duhet t\u00eb jet\u00eb pa vonesa dhe pa kushte. Tregun p\u00ebr njohjen\u201d,<\/em>\u00a0ka shkruar Haradinaj.<\/p>\n<p>Deklarimi i Haradinaj, vjen dy dit\u00eb pasi vendet e Kunt-it (Franca, Gjermania, Italia, Mbret\u00ebria e Bashkuar dhe Shtetet e Bashkuara), p\u00ebrmes nj\u00eb deklarate kan\u00eb k\u00ebrkuar nga Kosova dhe Serbia t\u00eb shmangin veprime q\u00eb do t\u00eb pengonin nj\u00eb marr\u00ebveshje p\u00ebrfundimtare.<\/p>\n<p><em>\u201cP\u00ebr Kosov\u00ebn, kjo n\u00ebnkupton heqjen e taksave t\u00eb vendosura ndaj Serbis\u00eb. P\u00ebr Serbin\u00eb, kjo n\u00ebnkupton nd\u00ebrprerjen e fushat\u00ebs p\u00ebr heqjen e njohjeve kund\u00ebr Kosov\u00ebs\u201d,<\/em>\u00a0\u00ebsht\u00eb th\u00ebn\u00eb n\u00eb deklarat\u00eb, raporton Radio Evropa e Lir\u00eb.<\/p>\n<p>Dialogu nd\u00ebrmjet Kosov\u00ebs dhe Serbis\u00eb \u00ebsht\u00eb nd\u00ebrprer\u00eb n\u00eb fund t\u00eb vitit t\u00eb kaluar, p\u00ebr shkak t\u00eb taks\u00ebs ndaj mallrave serbe t\u00eb cil\u00ebn e vendosi Qeveria e Kosov\u00ebs.<\/p>\n<p>Serbia e ka kusht\u00ebzuar pjes\u00ebmarrjen n\u00eb dialog me heqjen e taks\u00ebs, nga ana e autoriteteve t\u00eb Kosov\u00ebs.<\/p>\n<p>Thirrjes s\u00eb SHBA-s\u00eb dhe BE-s\u00eb p\u00ebr t\u00eb shfuqizuar taks\u00ebn, Haradinaj, deri m\u00eb tani, i \u00ebsht\u00eb p\u00ebrgjigjur negativisht.<\/p>\n","protected":false},"excerpt":{"rendered":"<p>Kryeministri i dor\u00ebhequr i Kosov\u00ebs, Ramush Haradinaj, \u00ebsht\u00eb shprehur n\u00eb favor t\u00eb vazhdimit t\u00eb dialogut me Serbin\u00eb mir\u00ebpo, sipas tij, ai duhet t\u00eb jet\u00eb pa kushte. P\u00ebrmes nj\u00eb postimi n\u00eb Twitter, Haradinaj, ka th\u00ebn\u00eb se qeveria i ka prezentuar vendeve t\u00eb Kuint-it dhe Bashkimit Evropian, draft-marr\u00ebveshjen gjith\u00ebp\u00ebrfshir\u00ebse ku p\u00ebrfshihen tema t\u00eb pap\u00ebrfunduara p\u00ebr njohje t\u00eb [&hellip;]<\/p>\n","protected":false},"author":2013,"featured_media":69135,"comment_status":"open","ping_status":"closed","sticky":false,"template":"","format":"standard","meta":{"footnotes":""},"categories":[241,2],"tags":[],"class_list":{"0":"post-101681","1":"post","2":"type-post","3":"status-publish","4":"format-standard","5":"has-post-thumbnail","7":"category-aktualitet","8":"category-rajoni"},"_links":{"self":[{"href":"https:\/\/zjarr.tv\/sq\/wp-json\/wp\/v2\/posts\/101681","targetHints":{"allow":["GET"]}}],"collection":[{"href":"https:\/\/zjarr.tv\/sq\/wp-json\/wp\/v2\/posts"}],"about":[{"href":"https:\/\/zjarr.tv\/sq\/wp-json\/wp\/v2\/types\/post"}],"author":[{"embeddable":true,"href":"https:\/\/zjarr.tv\/sq\/wp-json\/wp\/v2\/users\/2013"}],"replies":[{"embeddable":true,"href":"https:\/\/zjarr.tv\/sq\/wp-json\/wp\/v2\/comments?post=101681"}],"version-history":[{"count":0,"href":"https:\/\/zjarr.tv\/sq\/wp-json\/wp\/v2\/posts\/101681\/revisions"}],"wp:featuredmedia":[{"embeddable":true,"href":"https:\/\/zjarr.tv\/sq\/wp-json\/wp\/v2\/media\/69135"}],"wp:attachment":[{"href":"https:\/\/zjarr.tv\/sq\/wp-json\/wp\/v2\/media?parent=101681"}],"wp:term":[{"taxonomy":"category","embeddable":true,"href":"https:\/\/zjarr.tv\/sq\/wp-json\/wp\/v2\/categories?post=101681"},{"taxonomy":"post_tag","embeddable":true,"href":"https:\/\/zjarr.tv\/sq\/wp-json\/wp\/v2\/tags?post=101681"}],"curies":[{"name":"wp","href":"https:\/\/api.w.org\/{rel}","templated":true}]}}