{"id":101683,"date":"2019-08-15T20:00:35","date_gmt":"2019-08-15T18:00:35","guid":{"rendered":"https:\/\/zjarr.tv\/?p=101683"},"modified":"2019-08-15T16:19:25","modified_gmt":"2019-08-15T14:19:25","slug":"kukesi-kryen-blerjen-e-nente-firmos-ish-mbrojtesi-i-partizanit","status":"publish","type":"post","link":"https:\/\/zjarr.tv\/sq\/kukesi-kryen-blerjen-e-nente-firmos-ish-mbrojtesi-i-partizanit\/","title":{"rendered":"Kuk\u00ebsi kryen blerjen e n\u00ebnt\u00eb, firmos ish-mbrojt\u00ebsi i Partizanit"},"content":{"rendered":"<p>Q\u00eb prej dit\u00ebs s\u00eb sotme, mbrojt\u00ebsi Blerim Kotobelli do t\u00eb jet\u00eb pjes\u00eb e Kuk\u00ebsit. \u00cbsht\u00eb faqja zyrtare e klubit q\u00eb e konfirmon nj\u00eb gj\u00eb t\u00eb till\u00eb, me mbrojt\u00ebsin e linj\u00ebs s\u00eb majt\u00eb q\u00eb ka firmosur p\u00ebr nj\u00eb sezon.<\/p>\n<p>Ish-lojtari i Flamurtarit b\u00ebhet k\u00ebshtu futbollisti i 9-t\u00eb q\u00eb bashkohet me n\u00ebnkampion\u00ebt. Eksperienca e gjat\u00eb q\u00eb ka me ekipe si Olimpic, Tirana, Teuta apo Partizani e kan\u00eb bindur Kuk\u00ebsin p\u00ebr t\u00eb nisur tratativat me Kotobellin, i cili do t\u00eb jet\u00eb nj\u00eb alternativ\u00eb m\u00eb shum\u00eb p\u00ebr Shp\u00ebtim Duron.<\/p>\n<p>Nuk dihet n\u00ebse Kotobelli do t\u00eb jet\u00eb pjes\u00eb e ekipit n\u00eb finalen e Superkup\u00ebs s\u00eb Shqip\u00ebris\u00eb, ku verilindor\u00ebt do t\u00eb masin forcat me Partizanin. Takimi i programuar p\u00ebr tu luajtur n\u00eb or\u00ebn 19:00, do t\u00eb zhvillohet mbr\u00ebmjen e 18 gushtit n\u00eb &#8220;Elbasan Arena&#8221;.<\/p>\n","protected":false},"excerpt":{"rendered":"<p>Q\u00eb prej dit\u00ebs s\u00eb sotme, mbrojt\u00ebsi Blerim Kotobelli do t\u00eb jet\u00eb pjes\u00eb e Kuk\u00ebsit. \u00cbsht\u00eb faqja zyrtare e klubit q\u00eb e konfirmon nj\u00eb gj\u00eb t\u00eb till\u00eb, me mbrojt\u00ebsin e linj\u00ebs s\u00eb majt\u00eb q\u00eb ka firmosur p\u00ebr nj\u00eb sezon. Ish-lojtari i Flamurtarit b\u00ebhet k\u00ebshtu futbollisti i 9-t\u00eb q\u00eb bashkohet me n\u00ebnkampion\u00ebt. Eksperienca e gjat\u00eb q\u00eb ka [&hellip;]<\/p>\n","protected":false},"author":2013,"featured_media":101684,"comment_status":"open","ping_status":"closed","sticky":false,"template":"","format":"standard","meta":{"footnotes":""},"categories":[241,192],"tags":[],"class_list":{"0":"post-101683","1":"post","2":"type-post","3":"status-publish","4":"format-standard","5":"has-post-thumbnail","7":"category-aktualitet","8":"category-sport"},"_links":{"self":[{"href":"https:\/\/zjarr.tv\/sq\/wp-json\/wp\/v2\/posts\/101683","targetHints":{"allow":["GET"]}}],"collection":[{"href":"https:\/\/zjarr.tv\/sq\/wp-json\/wp\/v2\/posts"}],"about":[{"href":"https:\/\/zjarr.tv\/sq\/wp-json\/wp\/v2\/types\/post"}],"author":[{"embeddable":true,"href":"https:\/\/zjarr.tv\/sq\/wp-json\/wp\/v2\/users\/2013"}],"replies":[{"embeddable":true,"href":"https:\/\/zjarr.tv\/sq\/wp-json\/wp\/v2\/comments?post=101683"}],"version-history":[{"count":0,"href":"https:\/\/zjarr.tv\/sq\/wp-json\/wp\/v2\/posts\/101683\/revisions"}],"wp:featuredmedia":[{"embeddable":true,"href":"https:\/\/zjarr.tv\/sq\/wp-json\/wp\/v2\/media\/101684"}],"wp:attachment":[{"href":"https:\/\/zjarr.tv\/sq\/wp-json\/wp\/v2\/media?parent=101683"}],"wp:term":[{"taxonomy":"category","embeddable":true,"href":"https:\/\/zjarr.tv\/sq\/wp-json\/wp\/v2\/categories?post=101683"},{"taxonomy":"post_tag","embeddable":true,"href":"https:\/\/zjarr.tv\/sq\/wp-json\/wp\/v2\/tags?post=101683"}],"curies":[{"name":"wp","href":"https:\/\/api.w.org\/{rel}","templated":true}]}}