{"id":101707,"date":"2019-08-15T21:10:52","date_gmt":"2019-08-15T19:10:52","guid":{"rendered":"https:\/\/zjarr.tv\/?p=101707"},"modified":"2019-08-15T16:37:12","modified_gmt":"2019-08-15T14:37:12","slug":"lufte-deri-ne-fund-pakistani-kercenon-indine","status":"publish","type":"post","link":"https:\/\/zjarr.tv\/sq\/lufte-deri-ne-fund-pakistani-kercenon-indine\/","title":{"rendered":"&#8216;Luft\u00eb deri n\u00eb fund&#8217;, Pakistani k\u00ebrc\u00ebnon Indin\u00eb"},"content":{"rendered":"<p>Dy fuqit\u00eb atomike jan\u00eb n\u00eb konflikt p\u00ebr territorin e Kashmirit. Tani Pakistani e k\u00ebrc\u00ebnon Indin\u00eb me nj\u00eb hap t\u00eb m\u00ebtejsh\u00ebm. Paqja bot\u00ebrore vihet k\u00ebshtu n\u00eb rrezik.<\/p>\n<p>N\u00eb kulmin e tensioneve p\u00ebr Kashmirin, kryeministri i Pakistanit, Imran Khan e akuzoi Indin\u00eb, se po planifikon sulme ndaj pjes\u00ebs s\u00eb rajonit malor pakistanez. Vendi i tij posedon informacionet p\u00ebrkat\u00ebse t\u00eb sh\u00ebrbimeve sekrete.<\/p>\n<div class=\"in-artile-read-more\">\n<h2><\/h2>\n<\/div>\n<p>&#8220;E paralajm\u00ebroj kryeministrin e Indis\u00eb Narendra Modi, se reagimi yn\u00eb do t\u00eb jet\u00eb edhe m\u00eb i fort\u00eb&#8221;, tha Khan n\u00eb nj\u00eb fjalim n\u00eb Dit\u00ebn e Pavar\u00ebsis\u00eb s\u00eb Pakistanit. &#8220;Forcat tona t\u00eb armatosura dhe i gjith\u00eb kombi yn\u00eb jan\u00eb t\u00eb gatsh\u00ebm t\u00eb reagojn\u00eb.&#8221; Khan k\u00ebrc\u00ebnoi me &#8220;nj\u00eb luft\u00eb deri n\u00eb fund&#8221;, raporton DW.<\/p>\n<div id=\"rekl-13\">\n<div id=\"__sap-ad-15\" class=\"__sap-ads __sap-html tracked\" data-title=\"Credins desktop 08\"><ins><\/p>\n<div id=\"beacon_1da900735e\"><img loading=\"lazy\" decoding=\"async\" src=\"https:\/\/ads1.medium.al\/www\/delivery\/lg.php?bannerid=373&amp;campaignid=48&amp;zoneid=182&amp;loc=https%3A%2F%2Fwww.syri.net%2Fbote%2F273997%2Flufte-deri-ne-fund-pakistani-kercenon-indine%2F&amp;referer=https%3A%2F%2Fwww.syri.net%2Fbote%2F&amp;cb=1da900735e\" alt=\"\" width=\"0\" height=\"0\" \/><\/div>\n<p><\/ins><\/div>\n<\/div>\n<p>Ka ardhur koha, q\u00eb India &#8220;t\u00eb marr\u00eb nj\u00eb m\u00ebsim&#8221;, tha Kahn n\u00eb parlament n\u00eb Muzaffarabad n\u00eb pjes\u00ebn pakistaneze t\u00eb Kashmirit.<\/p>\n<p>India dhe Pakistani jan\u00eb n\u00eb konflikt q\u00eb prej 70 vjet\u00ebsh p\u00ebr rajonin e Himalajeve Kashmir. P\u00ebr k\u00ebt\u00eb rajon jan\u00eb zhvilluar dy luft\u00ebra deri tani. T\u00eb dy fuqit\u00eb atomike kontrollojn\u00eb nga nj\u00eb pjes\u00eb t\u00eb Kashmirit, nd\u00ebrsa nj\u00eb pjes\u00eb tjet\u00ebr e k\u00ebtij rajoni i p\u00ebrket Kin\u00ebs.<\/p>\n<p>Kashmiri eventualisht tem\u00eb e K\u00ebshillit t\u00eb Sigurimit k\u00ebt\u00eb jav\u00eb<\/p>\n<p>Meq\u00ebn\u00ebse qeveria n\u00eb Indi n\u00eb fillim t\u00eb jav\u00ebs s\u00eb kaluar pjes\u00ebs s\u00eb vet t\u00eb Kashmirit ia shfuqizoi statusin e autonomis\u00eb, Pakistani u k\u00ebrkoi vendeve t\u00eb K\u00ebshillit t\u00eb Sigurimit n\u00eb OKB q\u00eb t\u00eb organizojn\u00eb nj\u00eb mbledhje t\u00eb posa\u00e7me. Nga qarqet diplomatike thuhet, se kjo tem\u00eb ndoshta do t\u00eb vendoset gjat\u00eb k\u00ebsaj jave n\u00eb agjend\u00ebn e K\u00ebshillit t\u00eb Sigurimit.<\/p>\n<p>Autonomia e deritanishme i siguronte pjes\u00ebs indiane t\u00eb Kashmirit nd\u00ebr t\u00eb tjera nj\u00eb kushtetut\u00eb t\u00eb vet\u00ebn dhe kompetenca t\u00eb zjgeruara. Shum\u00eb qytetar\u00eb t\u00eb Kashmirit jan\u00eb kund\u00ebr rregullores s\u00eb re. Dhjetra mij\u00eb ushtar\u00eb jan\u00eb d\u00ebrguar n\u00eb rajon p\u00ebr t\u00eb parandaluar protestat kund\u00ebr qeveris\u00eb n\u00eb Nju Delhi. Interneti dhe telefonat jan\u00eb bllokuar. Esht\u00eb vendosur ndalim qarkullim. Me rregullin e ri kryeministri i Indis\u00eb Modi do q\u00eb ta integroj\u00eb m\u00eb fort k\u00ebt\u00eb rajon n\u00eb Indin\u00eb me shumc\u00ebc t\u00eb besimit hinduist.<\/p>\n","protected":false},"excerpt":{"rendered":"<p>Dy fuqit\u00eb atomike jan\u00eb n\u00eb konflikt p\u00ebr territorin e Kashmirit. Tani Pakistani e k\u00ebrc\u00ebnon Indin\u00eb me nj\u00eb hap t\u00eb m\u00ebtejsh\u00ebm. Paqja bot\u00ebrore vihet k\u00ebshtu n\u00eb rrezik. N\u00eb kulmin e tensioneve p\u00ebr Kashmirin, kryeministri i Pakistanit, Imran Khan e akuzoi Indin\u00eb, se po planifikon sulme ndaj pjes\u00ebs s\u00eb rajonit malor pakistanez. Vendi i tij posedon informacionet [&hellip;]<\/p>\n","protected":false},"author":2013,"featured_media":101551,"comment_status":"open","ping_status":"closed","sticky":false,"template":"","format":"standard","meta":{"footnotes":""},"categories":[241,191],"tags":[],"class_list":{"0":"post-101707","1":"post","2":"type-post","3":"status-publish","4":"format-standard","5":"has-post-thumbnail","7":"category-aktualitet","8":"category-bota"},"_links":{"self":[{"href":"https:\/\/zjarr.tv\/sq\/wp-json\/wp\/v2\/posts\/101707","targetHints":{"allow":["GET"]}}],"collection":[{"href":"https:\/\/zjarr.tv\/sq\/wp-json\/wp\/v2\/posts"}],"about":[{"href":"https:\/\/zjarr.tv\/sq\/wp-json\/wp\/v2\/types\/post"}],"author":[{"embeddable":true,"href":"https:\/\/zjarr.tv\/sq\/wp-json\/wp\/v2\/users\/2013"}],"replies":[{"embeddable":true,"href":"https:\/\/zjarr.tv\/sq\/wp-json\/wp\/v2\/comments?post=101707"}],"version-history":[{"count":0,"href":"https:\/\/zjarr.tv\/sq\/wp-json\/wp\/v2\/posts\/101707\/revisions"}],"wp:featuredmedia":[{"embeddable":true,"href":"https:\/\/zjarr.tv\/sq\/wp-json\/wp\/v2\/media\/101551"}],"wp:attachment":[{"href":"https:\/\/zjarr.tv\/sq\/wp-json\/wp\/v2\/media?parent=101707"}],"wp:term":[{"taxonomy":"category","embeddable":true,"href":"https:\/\/zjarr.tv\/sq\/wp-json\/wp\/v2\/categories?post=101707"},{"taxonomy":"post_tag","embeddable":true,"href":"https:\/\/zjarr.tv\/sq\/wp-json\/wp\/v2\/tags?post=101707"}],"curies":[{"name":"wp","href":"https:\/\/api.w.org\/{rel}","templated":true}]}}