{"id":101716,"date":"2019-08-15T21:41:52","date_gmt":"2019-08-15T19:41:52","guid":{"rendered":"https:\/\/zjarr.tv\/?p=101716"},"modified":"2019-08-15T16:42:40","modified_gmt":"2019-08-15T14:42:40","slug":"roma-blindon-talentin-turk","status":"publish","type":"post","link":"https:\/\/zjarr.tv\/sq\/roma-blindon-talentin-turk\/","title":{"rendered":"Roma \u2018blindon\u2019 talentin turk"},"content":{"rendered":"<p>Koh\u00eb rinovimesh n\u00eb sht\u00ebpin\u00eb e Rom\u00ebs. Pas Nicolo Zaniolos, nj\u00eb tjet\u00ebr talent i skuadr\u00ebs verdhekuqe ka rinovuar kontrat\u00ebn e tij me klubin kryeqytetas.<\/p>\n<p>Cengiz Under ka zgjatur bashk\u00ebpunimin e tij me Rom\u00ebn deri n\u00eb vitin 2023, duke rinovuar me nj\u00eb tjet\u00ebr vit kontrat\u00ebn e m\u00ebparshme q\u00eb skadonte n\u00eb vitin 2022.<\/p>\n<div class=\"in-artile-read-more\"><\/div>\n<p>Nga kontrata e re Under do t\u00eb p\u00ebrfitoj\u00eb m\u00eb shum\u00eb para, pasi Roma i ka rritur ndjesh\u00ebm pag\u00ebn.<\/p>\n<div id=\"rekl-13\">\n<div id=\"__sap-ad-15\" class=\"__sap-ads __sap-html tracked\" data-title=\"Credins desktop 08\"><ins><\/p>\n<div id=\"beacon_af64d29b31\"><img loading=\"lazy\" decoding=\"async\" src=\"https:\/\/ads1.medium.al\/www\/delivery\/lg.php?bannerid=373&amp;campaignid=48&amp;zoneid=182&amp;loc=https%3A%2F%2Fwww.syri.net%2Fsport%2F274091%2Froma-blindon-talentin-turk%2F&amp;referer=https%3A%2F%2Fwww.syri.net%2Fsport%2F&amp;cb=af64d29b31\" alt=\"\" width=\"0\" height=\"0\" \/><\/div>\n<p><\/ins><\/div>\n<\/div>\n<p>Vet\u00eb talenti i Komb\u00ebtares turke \u00ebsht\u00eb shfaqur shum\u00eb i lumtur p\u00ebr k\u00ebt\u00eb rinovim duke deklaruar: \u201cErdha te Roma dy vite m\u00eb par\u00eb dhe tashm\u00eb dit\u00eb pas dite jam afeksionuar gjithnj\u00eb e m\u00eb shum\u00eb me k\u00ebt\u00eb qytet, me k\u00ebto ngjyra dhe me k\u00ebta tifoz\u00eb. Ky \u00ebsht\u00eb nj\u00eb moment shum\u00eb i lumtur p\u00ebr mua dhe falenderoj klubin q\u00eb realizoi d\u00ebshir\u00ebn time p\u00ebr t\u00eb vazhduar t\u00eb luaj me Rom\u00ebn\u201d.<\/p>\n<p>&nbsp;<\/p>\n","protected":false},"excerpt":{"rendered":"<p>Koh\u00eb rinovimesh n\u00eb sht\u00ebpin\u00eb e Rom\u00ebs. Pas Nicolo Zaniolos, nj\u00eb tjet\u00ebr talent i skuadr\u00ebs verdhekuqe ka rinovuar kontrat\u00ebn e tij me klubin kryeqytetas. Cengiz Under ka zgjatur bashk\u00ebpunimin e tij me Rom\u00ebn deri n\u00eb vitin 2023, duke rinovuar me nj\u00eb tjet\u00ebr vit kontrat\u00ebn e m\u00ebparshme q\u00eb skadonte n\u00eb vitin 2022. Nga kontrata e re Under [&hellip;]<\/p>\n","protected":false},"author":2013,"featured_media":101717,"comment_status":"open","ping_status":"closed","sticky":false,"template":"","format":"standard","meta":{"footnotes":""},"categories":[241,192],"tags":[],"class_list":{"0":"post-101716","1":"post","2":"type-post","3":"status-publish","4":"format-standard","5":"has-post-thumbnail","7":"category-aktualitet","8":"category-sport"},"_links":{"self":[{"href":"https:\/\/zjarr.tv\/sq\/wp-json\/wp\/v2\/posts\/101716","targetHints":{"allow":["GET"]}}],"collection":[{"href":"https:\/\/zjarr.tv\/sq\/wp-json\/wp\/v2\/posts"}],"about":[{"href":"https:\/\/zjarr.tv\/sq\/wp-json\/wp\/v2\/types\/post"}],"author":[{"embeddable":true,"href":"https:\/\/zjarr.tv\/sq\/wp-json\/wp\/v2\/users\/2013"}],"replies":[{"embeddable":true,"href":"https:\/\/zjarr.tv\/sq\/wp-json\/wp\/v2\/comments?post=101716"}],"version-history":[{"count":0,"href":"https:\/\/zjarr.tv\/sq\/wp-json\/wp\/v2\/posts\/101716\/revisions"}],"wp:featuredmedia":[{"embeddable":true,"href":"https:\/\/zjarr.tv\/sq\/wp-json\/wp\/v2\/media\/101717"}],"wp:attachment":[{"href":"https:\/\/zjarr.tv\/sq\/wp-json\/wp\/v2\/media?parent=101716"}],"wp:term":[{"taxonomy":"category","embeddable":true,"href":"https:\/\/zjarr.tv\/sq\/wp-json\/wp\/v2\/categories?post=101716"},{"taxonomy":"post_tag","embeddable":true,"href":"https:\/\/zjarr.tv\/sq\/wp-json\/wp\/v2\/tags?post=101716"}],"curies":[{"name":"wp","href":"https:\/\/api.w.org\/{rel}","templated":true}]}}