{"id":101719,"date":"2019-08-15T21:50:15","date_gmt":"2019-08-15T19:50:15","guid":{"rendered":"https:\/\/zjarr.tv\/?p=101719"},"modified":"2019-08-15T16:43:54","modified_gmt":"2019-08-15T14:43:54","slug":"ivan-balliu-prezantohet-te-klubi-spanjoll-jam-formuar-tek-akademia-e-barcelones","status":"publish","type":"post","link":"https:\/\/zjarr.tv\/sq\/ivan-balliu-prezantohet-te-klubi-spanjoll-jam-formuar-tek-akademia-e-barcelones\/","title":{"rendered":"Ivan Balliu prezantohet te klubi spanjoll: Jam formuar tek akademia e Barcelon\u00ebs"},"content":{"rendered":"<p>Pak dit\u00eb pasi firmosi kontrat\u00ebn 2-vje\u00e7are me Almerian, Ivan Balliu \u00ebsht\u00eb prezantuar p\u00ebrpara mediave duke folur si lojtari m\u00eb i ri i klubit t\u00eb Segunda Division.<\/p>\n<p>Mbrojt\u00ebsi i Komb\u00ebtares shqiptare, i cili u largua nga Metz pas 4 sezonesh p\u00ebr t\u2019u rikthyer s\u00ebrish n\u00eb Spanj\u00eb, u shfaq shum\u00eb i lumtur p\u00ebr k\u00ebt\u00eb aventur\u00eb t\u00eb re dhe falenderoi drejtuesit e Almerias dhe presidentin e klubit p\u00ebr shansin q\u00eb i kan\u00eb dh\u00ebn\u00eb.<\/p>\n<div class=\"in-artile-read-more\"><\/div>\n<p>Ai shtoi gjithashtu se fakti q\u00eb e njeh mir\u00eb trajnerin Pedro Emanuel do ta ndihmoj\u00eb p\u00ebr t\u2019u p\u00ebrshtatur sa m\u00eb shpejt me skuadr\u00ebn e tij t\u00eb re.<\/p>\n<div id=\"rekl-13\">\n<div id=\"__sap-ad-15\" class=\"__sap-ads __sap-html tracked\" data-title=\"Credins desktop 08\"><ins><\/p>\n<div id=\"beacon_27bfede992\"><img loading=\"lazy\" decoding=\"async\" src=\"https:\/\/ads1.medium.al\/www\/delivery\/lg.php?bannerid=373&amp;campaignid=48&amp;zoneid=182&amp;loc=https%3A%2F%2Fwww.syri.net%2Fsport%2F274080%2Fivan-balliu-prezantohet-te-klubi-spanjoll-jam-formuar-tek-akademia-e-barcelones%2F&amp;referer=https%3A%2F%2Fwww.syri.net%2Fsport%2F&amp;cb=27bfede992\" alt=\"\" width=\"0\" height=\"0\" \/><\/div>\n<p><\/ins><\/div>\n<\/div>\n<div id=\"rekl-4\"><\/div>\n<p>\u201cJam mbrojt\u00ebs i shpejt\u00eb dhe m\u00eb p\u00eblqen t\u00eb sulmoj. Po pres t\u00eb luaj sa m\u00eb shpejt q\u00eb t\u00eb b\u00ebjm\u00eb rezultate pozitive dhe t\u00eb p\u00ebrballemi me t\u00eb m\u00ebdhenjt\u00eb. K\u00ebt\u00eb profil m\u00eb kan\u00eb formuar tek akademia e Barcelon\u00ebs, ndaj ndihem nj\u00eb lojtar i vlefsh\u00ebm dhe i r\u00ebnd\u00ebsish\u00ebm p\u00ebr ekipin n\u00eb k\u00ebt\u00eb projekt.<\/p>\n<p>Gj\u00eb q\u00eb ka nevoj\u00eb \u00e7dokush n\u00eb nj\u00eb skuad\u00ebr t\u00eb re. Me trajnerin kam punuar edhe m\u00eb par\u00eb tek Arouca, por k\u00ebt\u00eb her\u00eb nuk kam biseduar me t\u00eb para se t\u00eb vija n\u00eb ekip. Gjithsesi, e di se kur e njeh trajnerin, t\u00eb ndihmon n\u00eb ambientim.<\/p>\n<p>Jam i bindur se ka t\u00eb nj\u00ebjt\u00ebn energji dhe t\u00eb nj\u00ebjtat ide\u201d, ka deklaruar Balliu.<\/p>\n","protected":false},"excerpt":{"rendered":"<p>Pak dit\u00eb pasi firmosi kontrat\u00ebn 2-vje\u00e7are me Almerian, Ivan Balliu \u00ebsht\u00eb prezantuar p\u00ebrpara mediave duke folur si lojtari m\u00eb i ri i klubit t\u00eb Segunda Division. Mbrojt\u00ebsi i Komb\u00ebtares shqiptare, i cili u largua nga Metz pas 4 sezonesh p\u00ebr t\u2019u rikthyer s\u00ebrish n\u00eb Spanj\u00eb, u shfaq shum\u00eb i lumtur p\u00ebr k\u00ebt\u00eb aventur\u00eb t\u00eb re [&hellip;]<\/p>\n","protected":false},"author":2013,"featured_media":101720,"comment_status":"open","ping_status":"closed","sticky":false,"template":"","format":"standard","meta":{"footnotes":""},"categories":[241,192],"tags":[],"class_list":{"0":"post-101719","1":"post","2":"type-post","3":"status-publish","4":"format-standard","5":"has-post-thumbnail","7":"category-aktualitet","8":"category-sport"},"_links":{"self":[{"href":"https:\/\/zjarr.tv\/sq\/wp-json\/wp\/v2\/posts\/101719","targetHints":{"allow":["GET"]}}],"collection":[{"href":"https:\/\/zjarr.tv\/sq\/wp-json\/wp\/v2\/posts"}],"about":[{"href":"https:\/\/zjarr.tv\/sq\/wp-json\/wp\/v2\/types\/post"}],"author":[{"embeddable":true,"href":"https:\/\/zjarr.tv\/sq\/wp-json\/wp\/v2\/users\/2013"}],"replies":[{"embeddable":true,"href":"https:\/\/zjarr.tv\/sq\/wp-json\/wp\/v2\/comments?post=101719"}],"version-history":[{"count":0,"href":"https:\/\/zjarr.tv\/sq\/wp-json\/wp\/v2\/posts\/101719\/revisions"}],"wp:featuredmedia":[{"embeddable":true,"href":"https:\/\/zjarr.tv\/sq\/wp-json\/wp\/v2\/media\/101720"}],"wp:attachment":[{"href":"https:\/\/zjarr.tv\/sq\/wp-json\/wp\/v2\/media?parent=101719"}],"wp:term":[{"taxonomy":"category","embeddable":true,"href":"https:\/\/zjarr.tv\/sq\/wp-json\/wp\/v2\/categories?post=101719"},{"taxonomy":"post_tag","embeddable":true,"href":"https:\/\/zjarr.tv\/sq\/wp-json\/wp\/v2\/tags?post=101719"}],"curies":[{"name":"wp","href":"https:\/\/api.w.org\/{rel}","templated":true}]}}