{"id":101722,"date":"2019-08-15T22:00:09","date_gmt":"2019-08-15T20:00:09","guid":{"rendered":"https:\/\/zjarr.tv\/?p=101722"},"modified":"2019-08-15T16:44:49","modified_gmt":"2019-08-15T14:44:49","slug":"atletico-madrid-ofron-55-milion-euro-per-mesfushorin-e-napolit","status":"publish","type":"post","link":"https:\/\/zjarr.tv\/sq\/atletico-madrid-ofron-55-milion-euro-per-mesfushorin-e-napolit\/","title":{"rendered":"Atletico Madrid ofron 55 milion euro p\u00ebr mesfushorin e Napolit"},"content":{"rendered":"<p>Atletico e Madridit nuk ka nd\u00ebrmend t\u00eb ndalet k\u00ebt\u00eb merkato, teksa tani d\u00ebshiron t\u00eb transferoj\u00eb nj\u00eb lojtar tjet\u00ebr.<\/p>\n<p>Diego Simeone i ka komunikuar drejtuesve t\u00eb klubit, se p\u00eblqen mesfushorin e Napolit, Allan, dhe e d\u00ebshiron at\u00eb n\u00eb skuadr\u00ebn e tij.<\/p>\n<div class=\"in-artile-read-more\"><\/div>\n<p>Menj\u00ebher\u00eb pas k\u00ebsaj k\u00ebrkese spanjoll\u00ebt kan\u00eb nisur kontaktet e para me Napolin, dhe kan\u00eb b\u00ebr\u00eb nj\u00eb ofert\u00eb prej 55 milion\u00eb euro, p\u00ebr ta transferuar lojtarin n\u00eb \u201cWanda Metropolitano\u201d.<\/p>\n<div id=\"rekl-13\">\n<div id=\"__sap-ad-15\" class=\"__sap-ads __sap-html tracked\" data-title=\"Credins desktop 08\"><ins><\/p>\n<div id=\"beacon_bbe0c4435a\"><img loading=\"lazy\" decoding=\"async\" src=\"https:\/\/ads1.medium.al\/www\/delivery\/lg.php?bannerid=373&amp;campaignid=48&amp;zoneid=182&amp;loc=https%3A%2F%2Fwww.syri.net%2Fsport%2F274086%2Fatletico-madrid-ofron-55-milion-euro-per-mesfushorin-e-napolit%2F&amp;referer=https%3A%2F%2Fwww.syri.net%2Fsport%2F&amp;cb=bbe0c4435a\" alt=\"\" width=\"0\" height=\"0\" \/><\/div>\n<p><\/ins><\/div>\n<\/div>\n<div id=\"rekl-4\"><\/div>\n<p>Megjithat\u00eb kjo ofert\u00eb \u00ebsht\u00eb refuzuar menj\u00ebher\u00eb nga presidenti i t\u00eb kalt\u00ebrve, Aurelio De Laurentis, i cili e konsideron shum\u00eb t\u00eb vog\u00ebl at\u00eb.<\/p>\n<p>Braziliani \u00ebsht\u00eb nj\u00eb nga lojtar\u00ebt m\u00eb t\u00eb mir\u00eb te Napoli, dhe drejtuesit nuk duan t\u00eb heqin dor\u00eb nga sh\u00ebrbimet e tij.<\/p>\n<p>Kujtojm\u00eb se p\u00ebr 27-vje\u00e7arin kishte shfaqur interes edhe PSG-ja, por as francez\u00ebt nuk mund\u00ebn t\u00eb arrijn\u00eb nj\u00eb marr\u00ebveshje me klubin italian.<\/p>\n","protected":false},"excerpt":{"rendered":"<p>Atletico e Madridit nuk ka nd\u00ebrmend t\u00eb ndalet k\u00ebt\u00eb merkato, teksa tani d\u00ebshiron t\u00eb transferoj\u00eb nj\u00eb lojtar tjet\u00ebr. Diego Simeone i ka komunikuar drejtuesve t\u00eb klubit, se p\u00eblqen mesfushorin e Napolit, Allan, dhe e d\u00ebshiron at\u00eb n\u00eb skuadr\u00ebn e tij. Menj\u00ebher\u00eb pas k\u00ebsaj k\u00ebrkese spanjoll\u00ebt kan\u00eb nisur kontaktet e para me Napolin, dhe kan\u00eb b\u00ebr\u00eb [&hellip;]<\/p>\n","protected":false},"author":2013,"featured_media":101723,"comment_status":"open","ping_status":"closed","sticky":false,"template":"","format":"standard","meta":{"footnotes":""},"categories":[241],"tags":[],"class_list":{"0":"post-101722","1":"post","2":"type-post","3":"status-publish","4":"format-standard","5":"has-post-thumbnail","7":"category-aktualitet"},"_links":{"self":[{"href":"https:\/\/zjarr.tv\/sq\/wp-json\/wp\/v2\/posts\/101722","targetHints":{"allow":["GET"]}}],"collection":[{"href":"https:\/\/zjarr.tv\/sq\/wp-json\/wp\/v2\/posts"}],"about":[{"href":"https:\/\/zjarr.tv\/sq\/wp-json\/wp\/v2\/types\/post"}],"author":[{"embeddable":true,"href":"https:\/\/zjarr.tv\/sq\/wp-json\/wp\/v2\/users\/2013"}],"replies":[{"embeddable":true,"href":"https:\/\/zjarr.tv\/sq\/wp-json\/wp\/v2\/comments?post=101722"}],"version-history":[{"count":0,"href":"https:\/\/zjarr.tv\/sq\/wp-json\/wp\/v2\/posts\/101722\/revisions"}],"wp:featuredmedia":[{"embeddable":true,"href":"https:\/\/zjarr.tv\/sq\/wp-json\/wp\/v2\/media\/101723"}],"wp:attachment":[{"href":"https:\/\/zjarr.tv\/sq\/wp-json\/wp\/v2\/media?parent=101722"}],"wp:term":[{"taxonomy":"category","embeddable":true,"href":"https:\/\/zjarr.tv\/sq\/wp-json\/wp\/v2\/categories?post=101722"},{"taxonomy":"post_tag","embeddable":true,"href":"https:\/\/zjarr.tv\/sq\/wp-json\/wp\/v2\/tags?post=101722"}],"curies":[{"name":"wp","href":"https:\/\/api.w.org\/{rel}","templated":true}]}}