{"id":101733,"date":"2019-08-16T11:48:32","date_gmt":"2019-08-16T09:48:32","guid":{"rendered":"https:\/\/zjarr.tv\/?p=101733"},"modified":"2019-08-16T11:48:32","modified_gmt":"2019-08-16T09:48:32","slug":"kapet-me-463-doza-te-vogla-droge-ne-tirane-arrestohet-trafikanti-19-vjecar","status":"publish","type":"post","link":"https:\/\/zjarr.tv\/sq\/kapet-me-463-doza-te-vogla-droge-ne-tirane-arrestohet-trafikanti-19-vjecar\/","title":{"rendered":"Kapet me 463 doza t\u00eb vogla droge n\u00eb Tiran\u00eb, arrestohet trafikanti 19-vje\u00e7ar"},"content":{"rendered":"<p>Nj\u00eb operacion i policis\u00eb s\u00eb Tiran\u00ebs i koduar \u201cMuzgu\u201d, ka goditur nj\u00eb rast t\u00eb shp\u00ebrndarjes s\u00eb l\u00ebnd\u00ebve narkotike n\u00eb doza t\u00eb vogla.<\/p>\n<p>N\u00eb baz\u00eb t\u00eb informacioneve t\u00eb siguruara n\u00eb rrug\u00eb operative nga burime t\u00eb ndryshme, mbr\u00ebmjen e s\u00eb enjtes, uniformat blu finalizuan operacionin, gjat\u00eb t\u00eb cilit u b\u00eb i mundur arrestimi n\u00eb flagranc\u00eb i 19-vje\u00e7arit L. S., lindur n\u00eb Tiran\u00eb.<\/p>\n<p>Kjo pasi informacioneve si i riu n\u00eb qytetin e Tiran\u00ebs, kryesisht n\u00eb rrug\u00ebn \u201cDhimit\u00ebr Shuteriqi\u201d, i\u2019u shiste l\u00ebnd\u00eb narkotike, kryesisht kanabis sativa, personave t\u00eb ndrysh\u00ebm, p\u00ebrdorues t\u00eb l\u00ebnd\u00ebve narkotike.<\/p>\n<p>Mbi baz\u00ebn e k\u00ebtyre informacioneve u zhvillua operacioni, duke u finalizuar me kapjen n\u00eb flagranc\u00eb t\u00eb 19-vje\u00e7arit, t\u00eb cilit n\u00eb momentin e kapjes iu gjet\u00ebn nj\u00eb sasi dozash kanabis sativa, e gatshme p\u00ebr ta hedhur n\u00eb treg.<\/p>\n<p>Nd\u00ebrkoh\u00eb gjat\u00eb kontrollit n\u00eb banes\u00eb, policia ka gjetur edhe nj\u00eb sasi tjet\u00ebr dozash me l\u00ebnd\u00eb narkotike, gjithsej 463 doza kanabis sativa, t\u00eb futura n\u00eb qese farmaceutike.<\/p>\n<p>Ndaj t\u00eb dyshuarit p\u00ebr ndjekje t\u00eb m\u00ebtejshme, materialet iu referuan Prokuroris\u00eb s\u00eb Tiran\u00ebs p\u00ebr vepr\u00ebn penale \u201cProdhimi dhe shitja e narkotik\u00ebve\u201d.<\/p>\n","protected":false},"excerpt":{"rendered":"<p>Nj\u00eb operacion i policis\u00eb s\u00eb Tiran\u00ebs i koduar \u201cMuzgu\u201d, ka goditur nj\u00eb rast t\u00eb shp\u00ebrndarjes s\u00eb l\u00ebnd\u00ebve narkotike n\u00eb doza t\u00eb vogla. N\u00eb baz\u00eb t\u00eb informacioneve t\u00eb siguruara n\u00eb rrug\u00eb operative nga burime t\u00eb ndryshme, mbr\u00ebmjen e s\u00eb enjtes, uniformat blu finalizuan operacionin, gjat\u00eb t\u00eb cilit u b\u00eb i mundur arrestimi n\u00eb flagranc\u00eb i 19-vje\u00e7arit [&hellip;]<\/p>\n","protected":false},"author":4,"featured_media":48905,"comment_status":"open","ping_status":"closed","sticky":false,"template":"","format":"standard","meta":{"footnotes":""},"categories":[241,231,235],"tags":[],"class_list":{"0":"post-101733","1":"post","2":"type-post","3":"status-publish","4":"format-standard","5":"has-post-thumbnail","7":"category-aktualitet","8":"category-lajme","9":"category-vendi"},"_links":{"self":[{"href":"https:\/\/zjarr.tv\/sq\/wp-json\/wp\/v2\/posts\/101733","targetHints":{"allow":["GET"]}}],"collection":[{"href":"https:\/\/zjarr.tv\/sq\/wp-json\/wp\/v2\/posts"}],"about":[{"href":"https:\/\/zjarr.tv\/sq\/wp-json\/wp\/v2\/types\/post"}],"author":[{"embeddable":true,"href":"https:\/\/zjarr.tv\/sq\/wp-json\/wp\/v2\/users\/4"}],"replies":[{"embeddable":true,"href":"https:\/\/zjarr.tv\/sq\/wp-json\/wp\/v2\/comments?post=101733"}],"version-history":[{"count":0,"href":"https:\/\/zjarr.tv\/sq\/wp-json\/wp\/v2\/posts\/101733\/revisions"}],"wp:featuredmedia":[{"embeddable":true,"href":"https:\/\/zjarr.tv\/sq\/wp-json\/wp\/v2\/media\/48905"}],"wp:attachment":[{"href":"https:\/\/zjarr.tv\/sq\/wp-json\/wp\/v2\/media?parent=101733"}],"wp:term":[{"taxonomy":"category","embeddable":true,"href":"https:\/\/zjarr.tv\/sq\/wp-json\/wp\/v2\/categories?post=101733"},{"taxonomy":"post_tag","embeddable":true,"href":"https:\/\/zjarr.tv\/sq\/wp-json\/wp\/v2\/tags?post=101733"}],"curies":[{"name":"wp","href":"https:\/\/api.w.org\/{rel}","templated":true}]}}