{"id":101735,"date":"2019-08-16T11:54:04","date_gmt":"2019-08-16T09:54:04","guid":{"rendered":"https:\/\/zjarr.tv\/?p=101735"},"modified":"2019-08-16T11:54:04","modified_gmt":"2019-08-16T09:54:04","slug":"pogradec-i-moshuari-sulmon-me-granate-vellezerit-se-do-te-kalonin-me-fadrome","status":"publish","type":"post","link":"https:\/\/zjarr.tv\/sq\/pogradec-i-moshuari-sulmon-me-granate-vellezerit-se-do-te-kalonin-me-fadrome\/","title":{"rendered":"Pogradec, i moshuari sulmon me granat\u00eb v\u00ebllez\u00ebrit se do t\u00eb kalonin me fadrom\u00eb"},"content":{"rendered":"<p>Nj\u00eb sherr p\u00ebr pron\u00ebn gati sa nuk p\u00ebrfundoi n\u00eb tragjedi mbr\u00ebmjen e djeshme (15 gusht) n\u00eb fshatin Dardhas t\u00eb Pogradecit.<\/p>\n<p>72 vje\u00e7ari, banues i k\u00ebtij fshati ka hedhur nj\u00eb granat\u00eb n\u00eb drejtim t\u00eb dy v\u00ebllez\u00ebrve dhe si pasoj\u00eb e shp\u00ebrthimit nj\u00ebri prej tyre \u00ebsht\u00eb l\u00ebnduar.<\/p>\n<p><em>&#8220;Nga veprimet e para t\u00eb grupit hetimor ka rezultuar se autori p\u00ebr shkak se nuk lejonte t\u00eb kalonte fadroma p\u00ebr t\u00eb hapur rrug\u00ebn, me pretendimin se i c\u00ebnohej prona e tij, \u00ebsht\u00eb konfliktuar me dy v\u00ebllez\u00ebrit e disa banor\u00eb t\u00eb tjer\u00eb dhe gjat\u00eb konfliktit, ky shtetas ka hedhur granat\u00ebn n\u00eb drejtim t\u00eb dy v\u00ebllez\u00ebrve&#8221; i<\/em>nformon policia e Korc\u00ebs<\/p>\n<p>Personi i arrestuar \u00ebsht\u00eb\u00a0R.F., 72 vje\u00e7 nd\u00ebrsa nj\u00ebri prej v\u00ebllez\u00ebrve, 40 vje\u00e7ari i identifikuar me inicialet D.F ka p\u00ebsuar nj\u00eb d\u00ebmtim t\u00eb leht\u00eb.<\/p>\n<p>Materialet i kaluan Prokuroris\u00eb pran\u00eb Gjykat\u00ebs s\u00eb Shkall\u00ebs s\u00eb Par\u00eb Pogradec p\u00ebr veprat penale \u201cVrasja n\u00eb rrethana t\u00eb tjera cil\u00ebsuese\u201d, mbetur n\u00eb tentativ\u00eb, ndaj dy v\u00ebllez\u00ebrve t\u00eb identifikuar me inicialet B.F., 42 vje\u00e7 dhe D.F., 40 vje\u00e7 banues n\u00eb Dardhas.<\/p>\n<p>Gjithashtu ndaj tij r\u00ebndon dhe akuza \u00a0\u201cMbajtja pa leje dhe prodhimi i arm\u00ebve, arm\u00ebve shp\u00ebrthyese dhe i municionit\u201d.<\/p>\n","protected":false},"excerpt":{"rendered":"<p>Nj\u00eb sherr p\u00ebr pron\u00ebn gati sa nuk p\u00ebrfundoi n\u00eb tragjedi mbr\u00ebmjen e djeshme (15 gusht) n\u00eb fshatin Dardhas t\u00eb Pogradecit. 72 vje\u00e7ari, banues i k\u00ebtij fshati ka hedhur nj\u00eb granat\u00eb n\u00eb drejtim t\u00eb dy v\u00ebllez\u00ebrve dhe si pasoj\u00eb e shp\u00ebrthimit nj\u00ebri prej tyre \u00ebsht\u00eb l\u00ebnduar. &#8220;Nga veprimet e para t\u00eb grupit hetimor ka rezultuar se [&hellip;]<\/p>\n","protected":false},"author":4,"featured_media":99057,"comment_status":"open","ping_status":"closed","sticky":false,"template":"","format":"standard","meta":{"footnotes":""},"categories":[241,231,235],"tags":[],"class_list":{"0":"post-101735","1":"post","2":"type-post","3":"status-publish","4":"format-standard","5":"has-post-thumbnail","7":"category-aktualitet","8":"category-lajme","9":"category-vendi"},"_links":{"self":[{"href":"https:\/\/zjarr.tv\/sq\/wp-json\/wp\/v2\/posts\/101735","targetHints":{"allow":["GET"]}}],"collection":[{"href":"https:\/\/zjarr.tv\/sq\/wp-json\/wp\/v2\/posts"}],"about":[{"href":"https:\/\/zjarr.tv\/sq\/wp-json\/wp\/v2\/types\/post"}],"author":[{"embeddable":true,"href":"https:\/\/zjarr.tv\/sq\/wp-json\/wp\/v2\/users\/4"}],"replies":[{"embeddable":true,"href":"https:\/\/zjarr.tv\/sq\/wp-json\/wp\/v2\/comments?post=101735"}],"version-history":[{"count":0,"href":"https:\/\/zjarr.tv\/sq\/wp-json\/wp\/v2\/posts\/101735\/revisions"}],"wp:featuredmedia":[{"embeddable":true,"href":"https:\/\/zjarr.tv\/sq\/wp-json\/wp\/v2\/media\/99057"}],"wp:attachment":[{"href":"https:\/\/zjarr.tv\/sq\/wp-json\/wp\/v2\/media?parent=101735"}],"wp:term":[{"taxonomy":"category","embeddable":true,"href":"https:\/\/zjarr.tv\/sq\/wp-json\/wp\/v2\/categories?post=101735"},{"taxonomy":"post_tag","embeddable":true,"href":"https:\/\/zjarr.tv\/sq\/wp-json\/wp\/v2\/tags?post=101735"}],"curies":[{"name":"wp","href":"https:\/\/api.w.org\/{rel}","templated":true}]}}