{"id":101737,"date":"2019-08-16T11:55:43","date_gmt":"2019-08-16T09:55:43","guid":{"rendered":"https:\/\/zjarr.tv\/?p=101737"},"modified":"2019-08-16T11:55:43","modified_gmt":"2019-08-16T09:55:43","slug":"vasili-prokuroria-me-militante-se-rilindja-vete-ne-sherbim-te-saj","status":"publish","type":"post","link":"https:\/\/zjarr.tv\/sq\/vasili-prokuroria-me-militante-se-rilindja-vete-ne-sherbim-te-saj\/","title":{"rendered":"Vasili: Prokuroria m\u00eb militante se rilindja vet\u00eb, n\u00eb sh\u00ebrbim t\u00eb saj"},"content":{"rendered":"<p>N\u00ebnkryetari i LSI-s\u00eb Petrit Vasili akuzon prokurorin\u00eb se po zvarritet e vihet n\u00eb sh\u00ebrbim t\u00eb rilindjes n\u00eb rastin e Valdrin Pjetrit.<\/p>\n<p>Sipas tij, nd\u00ebrsa Pjetri dha dor\u00ebheqjen, prokuroria rri e shtyn vendimmarrjet p\u00ebr t\u2019i dh\u00ebn\u00eb koh\u00eb rilindjes. Vasili shkruan se \u2018Prokuroria e lindur nga Fake reforma n\u00eb drejt\u00ebsi e rilindjes \u00ebsht\u00eb realisht m\u00eb militante se rilindja vet\u00eb\u2019.<\/p>\n<p><strong>POSTIMI I VASILIT<\/strong><br \/>\nProkuroria m\u00eb rilindase edhe se Edi Rama!!<\/p>\n<p>N\u00eb vend t\u00eb vepronte n\u00eb m\u00ebnyr\u00eb t\u00eb rrufeshme p\u00ebr Valdrin Pjetrin, prokuroria vazhdon t\u00eb zvarritet e vihet n\u00eb sh\u00ebrbim t\u00eb rilindjes duke ia kaluar edhe vet\u00eb asaj.<\/p>\n<p>Valdrin Pjetri dha dor\u00ebheqjen kurse prokuroria vazhdon dhe rri e shtyn vendimmarrjet p\u00ebr t\u2019i dh\u00ebn\u00eb koh\u00eb rilindjes dhe Edi Ram\u00ebs t\u00eb kaloj\u00eb hallin, q\u00eb nuk e kalon dot.<\/p>\n<p>T\u00eb nj\u00ebjt\u00ebn gj\u00eb b\u00ebri edhe kur Edi Rama i b\u00ebri thirrje policis\u00eb q\u00eb t\u00eb hidhte uniformat e t\u00eb b\u00ebnte fushat\u00eb p\u00ebr PS n\u00eb 2017. Edi Rama k\u00ebrkoi edhe falje p\u00ebr fajin e tij, nd\u00ebrsa prokuroria militante ia kaloi edhe Edi Ram\u00ebs vet\u00eb dhe mbylli \u00e7\u00ebshtjen e tha se ai nuk kishte b\u00ebr\u00eb faj.<\/p>\n<p>Sot po kjo prokurori q\u00eb kishte n\u00ebnshkruar marr\u00ebveshje edhe me KQZ p\u00ebr verifikimin e kandidat\u00ebve jo vet\u00ebm s\u2019e b\u00ebri detyr\u00ebn at\u00ebher\u00eb por nuk e b\u00ebn n\u00eb m\u00ebnyr\u00eb skandaloze edhe sot.<\/p>\n<p>Qesharake v\u00ebrtet!!<br \/>\nProkuroria e lindur nga Fake reforma n\u00eb drejt\u00ebsi e rilindjes \u00ebsht\u00eb realisht m\u00eb militante se rilindja vet\u00eb.<\/p>\n<p>Gjynah v\u00ebrtet p\u00ebr ata q\u00eb \u201cmahnit\u00ebn\u201d nga kjo Fake reforma n\u00eb drejt\u00ebsi q\u00eb duke qen\u00eb sipas k\u00ebtyre edhe \u201cperl\u00eb\u201d duhet t\u00eb jet\u00eb edhe shembull mbar\u00ebbot\u00ebror.<\/p>\n","protected":false},"excerpt":{"rendered":"<p>N\u00ebnkryetari i LSI-s\u00eb Petrit Vasili akuzon prokurorin\u00eb se po zvarritet e vihet n\u00eb sh\u00ebrbim t\u00eb rilindjes n\u00eb rastin e Valdrin Pjetrit. Sipas tij, nd\u00ebrsa Pjetri dha dor\u00ebheqjen, prokuroria rri e shtyn vendimmarrjet p\u00ebr t\u2019i dh\u00ebn\u00eb koh\u00eb rilindjes. Vasili shkruan se \u2018Prokuroria e lindur nga Fake reforma n\u00eb drejt\u00ebsi e rilindjes \u00ebsht\u00eb realisht m\u00eb militante se [&hellip;]<\/p>\n","protected":false},"author":4,"featured_media":61564,"comment_status":"open","ping_status":"closed","sticky":false,"template":"","format":"standard","meta":{"footnotes":""},"categories":[241,231,235],"tags":[],"class_list":{"0":"post-101737","1":"post","2":"type-post","3":"status-publish","4":"format-standard","5":"has-post-thumbnail","7":"category-aktualitet","8":"category-lajme","9":"category-vendi"},"_links":{"self":[{"href":"https:\/\/zjarr.tv\/sq\/wp-json\/wp\/v2\/posts\/101737","targetHints":{"allow":["GET"]}}],"collection":[{"href":"https:\/\/zjarr.tv\/sq\/wp-json\/wp\/v2\/posts"}],"about":[{"href":"https:\/\/zjarr.tv\/sq\/wp-json\/wp\/v2\/types\/post"}],"author":[{"embeddable":true,"href":"https:\/\/zjarr.tv\/sq\/wp-json\/wp\/v2\/users\/4"}],"replies":[{"embeddable":true,"href":"https:\/\/zjarr.tv\/sq\/wp-json\/wp\/v2\/comments?post=101737"}],"version-history":[{"count":0,"href":"https:\/\/zjarr.tv\/sq\/wp-json\/wp\/v2\/posts\/101737\/revisions"}],"wp:featuredmedia":[{"embeddable":true,"href":"https:\/\/zjarr.tv\/sq\/wp-json\/wp\/v2\/media\/61564"}],"wp:attachment":[{"href":"https:\/\/zjarr.tv\/sq\/wp-json\/wp\/v2\/media?parent=101737"}],"wp:term":[{"taxonomy":"category","embeddable":true,"href":"https:\/\/zjarr.tv\/sq\/wp-json\/wp\/v2\/categories?post=101737"},{"taxonomy":"post_tag","embeddable":true,"href":"https:\/\/zjarr.tv\/sq\/wp-json\/wp\/v2\/tags?post=101737"}],"curies":[{"name":"wp","href":"https:\/\/api.w.org\/{rel}","templated":true}]}}