{"id":101739,"date":"2019-08-16T12:01:56","date_gmt":"2019-08-16T10:01:56","guid":{"rendered":"https:\/\/zjarr.tv\/?p=101739"},"modified":"2019-08-16T12:01:56","modified_gmt":"2019-08-16T10:01:56","slug":"goditi-turistet-spanjolle-nje-grua-rende-kapet-pronari-i-lokalit","status":"publish","type":"post","link":"https:\/\/zjarr.tv\/sq\/goditi-turistet-spanjolle-nje-grua-rende-kapet-pronari-i-lokalit\/","title":{"rendered":"Goditi turist\u00ebt spanjoll\u00eb, nj\u00eb grua r\u00ebnd\u00eb, kapet pronari i lokalit"},"content":{"rendered":"<p>Nj\u00eb dit\u00eb pas konfliktit t\u00eb ndodhur n\u00eb Himar\u00eb ku u dhunuan nj\u00eb grup turist\u00ebsh spanjoll\u00eb, policia arreston autorin, pronarin e lokalit.<br \/>\nBurime zyrtare b\u00ebn\u00eb me dije se n\u00eb lidhje me konfliktin me turist\u00ebt spanjoll\u00eb, arrestohet n\u00eb flagranc\u00eb shtetasi M.K., 51 vje\u00e7, banues n\u00eb Sarand\u00eb.<\/p>\n<p>Policia e Sarand\u00ebs n\u00eb bashk\u00ebpunim me Policin\u00eb e Himar\u00ebs, pas hetimeve t\u00eb kryera n\u00eb lidhje me konfliktin e djesh\u00ebm n\u00eb nj\u00eb lokal t\u00eb Himar\u00ebs, kan\u00eb b\u00ebr\u00eb t\u00eb mundur arrestimin n\u00eb flagranc\u00eb t\u00eb 51-vje\u00e7arit pasi dit\u00ebn e djeshme, n\u00eb lokalin e tij Bar-Restorant n\u00eb Porto Palermo t\u00eb Himar\u00ebs, sp\u00ebr motive t\u00eb dob\u00ebta ka kanosur me fjal\u00eb nj\u00eb grup turist\u00ebsh spanjoll\u00eb.<\/p>\n<p>M\u00eb pas ka d\u00ebmtuar mjetin e transportit privat t\u00eb tyre dhe \u00ebsht\u00eb konfliktuar fizikisht me ta duke u shkaktuar d\u00ebme n\u00eb trup por m\u00eb shum\u00eb \u00ebsht\u00eb d\u00ebmtuar shtetasja spanjolle K.R.<\/p>\n<p>Materialet iu referuan Prokuroris\u00eb n\u00eb ngarkim t\u00eb tij p\u00ebr veprat penale \u201cKanosja\u201d, \u201cD\u00ebmtime t\u00eb tjera me dashje\u201d, \u201cShkat\u00ebrrimi i pron\u00ebs\u201d.<\/p>\n<p><strong>NGJARJA<\/strong><\/p>\n<p>M\u00ebsohet se fillimisht turist\u00ebt kan\u00eb hyr\u00eb n\u00eb ambientet e k\u00ebtij lokali, por nuk kan\u00eb p\u00eblqyer sh\u00ebrbimin e ofruar dhe m\u00eb pas jan\u00eb ngritur p\u00ebr t\u2019u larguar.<\/p>\n<p>Ky moment ka b\u00ebr\u00eb q\u00eb pronar\u00ebt e lokalit t\u00eb ndjekin nga pas turist\u00ebt, nd\u00ebrsa kan\u00eb goditur fizikisht drejtuesin e mjetit s\u00eb bashku me 5 turist\u00ebt spanjoll\u00eb.<\/p>\n","protected":false},"excerpt":{"rendered":"<p>Nj\u00eb dit\u00eb pas konfliktit t\u00eb ndodhur n\u00eb Himar\u00eb ku u dhunuan nj\u00eb grup turist\u00ebsh spanjoll\u00eb, policia arreston autorin, pronarin e lokalit. Burime zyrtare b\u00ebn\u00eb me dije se n\u00eb lidhje me konfliktin me turist\u00ebt spanjoll\u00eb, arrestohet n\u00eb flagranc\u00eb shtetasi M.K., 51 vje\u00e7, banues n\u00eb Sarand\u00eb. Policia e Sarand\u00ebs n\u00eb bashk\u00ebpunim me Policin\u00eb e Himar\u00ebs, pas hetimeve [&hellip;]<\/p>\n","protected":false},"author":4,"featured_media":101740,"comment_status":"open","ping_status":"closed","sticky":false,"template":"","format":"standard","meta":{"footnotes":""},"categories":[241,231,235],"tags":[],"class_list":{"0":"post-101739","1":"post","2":"type-post","3":"status-publish","4":"format-standard","5":"has-post-thumbnail","7":"category-aktualitet","8":"category-lajme","9":"category-vendi"},"_links":{"self":[{"href":"https:\/\/zjarr.tv\/sq\/wp-json\/wp\/v2\/posts\/101739","targetHints":{"allow":["GET"]}}],"collection":[{"href":"https:\/\/zjarr.tv\/sq\/wp-json\/wp\/v2\/posts"}],"about":[{"href":"https:\/\/zjarr.tv\/sq\/wp-json\/wp\/v2\/types\/post"}],"author":[{"embeddable":true,"href":"https:\/\/zjarr.tv\/sq\/wp-json\/wp\/v2\/users\/4"}],"replies":[{"embeddable":true,"href":"https:\/\/zjarr.tv\/sq\/wp-json\/wp\/v2\/comments?post=101739"}],"version-history":[{"count":0,"href":"https:\/\/zjarr.tv\/sq\/wp-json\/wp\/v2\/posts\/101739\/revisions"}],"wp:featuredmedia":[{"embeddable":true,"href":"https:\/\/zjarr.tv\/sq\/wp-json\/wp\/v2\/media\/101740"}],"wp:attachment":[{"href":"https:\/\/zjarr.tv\/sq\/wp-json\/wp\/v2\/media?parent=101739"}],"wp:term":[{"taxonomy":"category","embeddable":true,"href":"https:\/\/zjarr.tv\/sq\/wp-json\/wp\/v2\/categories?post=101739"},{"taxonomy":"post_tag","embeddable":true,"href":"https:\/\/zjarr.tv\/sq\/wp-json\/wp\/v2\/tags?post=101739"}],"curies":[{"name":"wp","href":"https:\/\/api.w.org\/{rel}","templated":true}]}}