{"id":101746,"date":"2019-08-16T13:29:32","date_gmt":"2019-08-16T11:29:32","guid":{"rendered":"https:\/\/zjarr.tv\/?p=101746"},"modified":"2019-08-16T13:29:32","modified_gmt":"2019-08-16T11:29:32","slug":"punime-ne-rrjet-gjysma-e-tiranes-pa-drita","status":"publish","type":"post","link":"https:\/\/zjarr.tv\/sq\/punime-ne-rrjet-gjysma-e-tiranes-pa-drita\/","title":{"rendered":"Punime n\u00eb rrjet , gjysma e Tiran\u00ebs pa drita"},"content":{"rendered":"<p>P\u00ebr shkak t\u00eb punimeve q\u00eb OSHEE-ja ka vendosur t\u00eb b\u00ebj\u00eb n\u00eb k\u00ebto dit\u00eb nxehta t\u00eb ver\u00ebs do t\u00eb ket\u00eb disa nd\u00ebrprerje n\u00eb disa zona t\u00eb Tiran\u00ebs.<\/p>\n<p>Sipas njoftimit, nd\u00ebrprerja e energjis\u00eb do t\u00eb zgjas\u00eb deri n\u00eb 6 or\u00eb n\u00eb disa zona n\u00eb Tiran\u00ebs, q\u00eb mund t\u2019i shihni si m\u00eb posht\u00eb:<\/p>\n<p>Pjes\u00ebrisht zona e Institutit Bujq\u00ebsor<\/p>\n<p>09:00-15:00<\/p>\n<p>Pjes\u00ebrisht rrug\u00ebt \u201cSiri Kodra\u201d, \u201cReshit Petrela\u201d pran\u00eb Dispanceris\u00eb, \u201cBesim Daja\u201d, pran\u00eb Medreses\u00eb, \u201cRruga Barrikadave\u201d, \u201cLudovik Shllaku\u201d, \u201cXhanfize Keko\u201d, \u201cKujtim Laro\u201d dhe \u201cSadik Petrela\u201d<\/p>\n<p>09:00-11:00<\/p>\n<p>Zona Fushe Mezez pjes\u00ebrisht<\/p>\n<p>13:00-15:00<\/p>\n<p>Rruga \u201cTeodor Keko\u201d pjes\u00ebrisht<\/p>\n","protected":false},"excerpt":{"rendered":"<p>P\u00ebr shkak t\u00eb punimeve q\u00eb OSHEE-ja ka vendosur t\u00eb b\u00ebj\u00eb n\u00eb k\u00ebto dit\u00eb nxehta t\u00eb ver\u00ebs do t\u00eb ket\u00eb disa nd\u00ebrprerje n\u00eb disa zona t\u00eb Tiran\u00ebs. Sipas njoftimit, nd\u00ebrprerja e energjis\u00eb do t\u00eb zgjas\u00eb deri n\u00eb 6 or\u00eb n\u00eb disa zona n\u00eb Tiran\u00ebs, q\u00eb mund t\u2019i shihni si m\u00eb posht\u00eb: Pjes\u00ebrisht zona e Institutit Bujq\u00ebsor [&hellip;]<\/p>\n","protected":false},"author":2013,"featured_media":53743,"comment_status":"open","ping_status":"closed","sticky":false,"template":"","format":"standard","meta":{"footnotes":""},"categories":[241,235],"tags":[],"class_list":{"0":"post-101746","1":"post","2":"type-post","3":"status-publish","4":"format-standard","5":"has-post-thumbnail","7":"category-aktualitet","8":"category-vendi"},"_links":{"self":[{"href":"https:\/\/zjarr.tv\/sq\/wp-json\/wp\/v2\/posts\/101746","targetHints":{"allow":["GET"]}}],"collection":[{"href":"https:\/\/zjarr.tv\/sq\/wp-json\/wp\/v2\/posts"}],"about":[{"href":"https:\/\/zjarr.tv\/sq\/wp-json\/wp\/v2\/types\/post"}],"author":[{"embeddable":true,"href":"https:\/\/zjarr.tv\/sq\/wp-json\/wp\/v2\/users\/2013"}],"replies":[{"embeddable":true,"href":"https:\/\/zjarr.tv\/sq\/wp-json\/wp\/v2\/comments?post=101746"}],"version-history":[{"count":0,"href":"https:\/\/zjarr.tv\/sq\/wp-json\/wp\/v2\/posts\/101746\/revisions"}],"wp:featuredmedia":[{"embeddable":true,"href":"https:\/\/zjarr.tv\/sq\/wp-json\/wp\/v2\/media\/53743"}],"wp:attachment":[{"href":"https:\/\/zjarr.tv\/sq\/wp-json\/wp\/v2\/media?parent=101746"}],"wp:term":[{"taxonomy":"category","embeddable":true,"href":"https:\/\/zjarr.tv\/sq\/wp-json\/wp\/v2\/categories?post=101746"},{"taxonomy":"post_tag","embeddable":true,"href":"https:\/\/zjarr.tv\/sq\/wp-json\/wp\/v2\/tags?post=101746"}],"curies":[{"name":"wp","href":"https:\/\/api.w.org\/{rel}","templated":true}]}}