{"id":101748,"date":"2019-08-16T13:31:51","date_gmt":"2019-08-16T11:31:51","guid":{"rendered":"https:\/\/zjarr.tv\/?p=101748"},"modified":"2019-08-16T13:31:51","modified_gmt":"2019-08-16T11:31:51","slug":"sulmon-me-granate-vellezerit-arrestohet-72-vjecari-pogradecar","status":"publish","type":"post","link":"https:\/\/zjarr.tv\/sq\/sulmon-me-granate-vellezerit-arrestohet-72-vjecari-pogradecar\/","title":{"rendered":"Sulmon me granat\u00eb v\u00ebllez\u00ebrit, arrestohet 72 vje\u00e7ari pogradecar"},"content":{"rendered":"<p>Tentoi t\u00eb vriste me granat\u00eb dy v\u00ebllez\u00ebr, gjat\u00eb nj\u00eb konflikti, policia v\u00eb n\u00eb pranga autorin.<\/p>\n<p>Specialist\u00ebt p\u00ebr Hetimin e Krimeve n\u00eb Komisariatin e Policis\u00eb Pogradec, b\u00ebn\u00eb arrestimin n\u00eb flagranc\u00eb t\u00eb shtetasit:<\/p>\n<p>R.F., 72 vje\u00e7, banues n\u00eb fshatin Dardhas, Pogradec.<\/p>\n<div id=\"rekl-13\">\n<div id=\"__sap-ad-15\" class=\"__sap-ads __sap-html tracked\" data-title=\"Credins desktop 08\"><ins><\/p>\n<div id=\"beacon_3f8254a4c6\"><img loading=\"lazy\" decoding=\"async\" src=\"https:\/\/ads1.medium.al\/www\/delivery\/lg.php?bannerid=373&amp;campaignid=48&amp;zoneid=182&amp;loc=https%3A%2F%2Fwww.syri.net%2Fkronike%2F274221%2Fsulmon-me-granate-vellezerit-arrestohet-72-vjecari-pogradecar%2F&amp;referer=https%3A%2F%2Fwww.syri.net%2Flajme%2F&amp;cb=3f8254a4c6\" alt=\"\" width=\"0\" height=\"0\" \/><\/div>\n<p><\/ins><\/div>\n<\/div>\n<p>Mbr\u00ebmjen e djeshme, n\u00eb fshatin Dardhas, pas nj\u00eb konflikti p\u00ebr motive t\u00eb dob\u00ebta, ky shtetas dyshohet se ka tentuar t\u00eb vras\u00eb shtetasit B.F., 42 vje\u00e7 dhe D.F., 40 vje\u00e7 (v\u00ebllez\u00ebr), banues n\u00eb Dardhas, duke hedhur n\u00eb drejtim t\u00eb tyre nj\u00eb granat\u00eb. Si pasoj\u00eb e shp\u00ebrthimit t\u00eb granat\u00ebs nj\u00ebri prej v\u00ebllez\u00ebrve, shtetasi D.F., ka p\u00ebsuar nj\u00eb d\u00ebmtim t\u00eb leht\u00eb.<\/p>\n<p>Nga veprimet e para t\u00eb grupit hetimor ka rezultuar se autori p\u00ebr shkak se nuk lejonte t\u00eb kalonte fadroma p\u00ebr t\u00eb hapur rrug\u00ebn, me pretendimin se i c\u00ebnohej prona e tij \u00ebsht\u00eb konfliktuar me dy v\u00ebllez\u00ebrit e disa banor\u00eb t\u00eb tjer\u00eb dhe gjat\u00eb konfliktit, ky shtetas ka hedhur granat\u00ebn n\u00eb drejtim t\u00eb dy v\u00ebllez\u00ebrve.<\/p>\n<p>Materialet i kaluan Prokuroris\u00eb pran\u00eb Gjykat\u00ebs s\u00eb Shkall\u00ebs s\u00eb Par\u00eb Pogradec p\u00ebr veprat penale \u201cVrasja n\u00eb rrethana t\u00eb tjera cil\u00ebsuese\u201d, mbetur n\u00eb tentativ\u00eb, si edhe \u201cMbajtja pa leje dhe prodhimi i arm\u00ebve, arm\u00ebve shp\u00ebrthyese dhe i municionit\u201d.<\/p>\n","protected":false},"excerpt":{"rendered":"<p>Tentoi t\u00eb vriste me granat\u00eb dy v\u00ebllez\u00ebr, gjat\u00eb nj\u00eb konflikti, policia v\u00eb n\u00eb pranga autorin. Specialist\u00ebt p\u00ebr Hetimin e Krimeve n\u00eb Komisariatin e Policis\u00eb Pogradec, b\u00ebn\u00eb arrestimin n\u00eb flagranc\u00eb t\u00eb shtetasit: R.F., 72 vje\u00e7, banues n\u00eb fshatin Dardhas, Pogradec. Mbr\u00ebmjen e djeshme, n\u00eb fshatin Dardhas, pas nj\u00eb konflikti p\u00ebr motive t\u00eb dob\u00ebta, ky shtetas dyshohet [&hellip;]<\/p>\n","protected":false},"author":2013,"featured_media":101749,"comment_status":"open","ping_status":"closed","sticky":false,"template":"","format":"standard","meta":{"footnotes":""},"categories":[241,235],"tags":[],"class_list":{"0":"post-101748","1":"post","2":"type-post","3":"status-publish","4":"format-standard","5":"has-post-thumbnail","7":"category-aktualitet","8":"category-vendi"},"_links":{"self":[{"href":"https:\/\/zjarr.tv\/sq\/wp-json\/wp\/v2\/posts\/101748","targetHints":{"allow":["GET"]}}],"collection":[{"href":"https:\/\/zjarr.tv\/sq\/wp-json\/wp\/v2\/posts"}],"about":[{"href":"https:\/\/zjarr.tv\/sq\/wp-json\/wp\/v2\/types\/post"}],"author":[{"embeddable":true,"href":"https:\/\/zjarr.tv\/sq\/wp-json\/wp\/v2\/users\/2013"}],"replies":[{"embeddable":true,"href":"https:\/\/zjarr.tv\/sq\/wp-json\/wp\/v2\/comments?post=101748"}],"version-history":[{"count":0,"href":"https:\/\/zjarr.tv\/sq\/wp-json\/wp\/v2\/posts\/101748\/revisions"}],"wp:featuredmedia":[{"embeddable":true,"href":"https:\/\/zjarr.tv\/sq\/wp-json\/wp\/v2\/media\/101749"}],"wp:attachment":[{"href":"https:\/\/zjarr.tv\/sq\/wp-json\/wp\/v2\/media?parent=101748"}],"wp:term":[{"taxonomy":"category","embeddable":true,"href":"https:\/\/zjarr.tv\/sq\/wp-json\/wp\/v2\/categories?post=101748"},{"taxonomy":"post_tag","embeddable":true,"href":"https:\/\/zjarr.tv\/sq\/wp-json\/wp\/v2\/tags?post=101748"}],"curies":[{"name":"wp","href":"https:\/\/api.w.org\/{rel}","templated":true}]}}