{"id":101754,"date":"2019-08-16T13:54:23","date_gmt":"2019-08-16T11:54:23","guid":{"rendered":"https:\/\/zjarr.tv\/?p=101754"},"modified":"2019-08-16T13:54:23","modified_gmt":"2019-08-16T11:54:23","slug":"kryemadhi-i-shkon-ne-zyre-bashes-ja-cfare-diskutuan","status":"publish","type":"post","link":"https:\/\/zjarr.tv\/sq\/kryemadhi-i-shkon-ne-zyre-bashes-ja-cfare-diskutuan\/","title":{"rendered":"Kryemadhi i shkon n\u00eb zyr\u00eb Bash\u00ebs, ja \u00e7far\u00eb diskutuan"},"content":{"rendered":"<p>Kryetarja e L\u00ebvizjes Socialiste p\u00ebr Integrim Monika Kryemadhi pak minuta m\u00eb par\u00eb ka mb\u00ebrritur n\u00eb zyr\u00ebn e kreut t\u00eb Partis\u00eb Demokratike Lulzim Bash\u00ebn.<\/p>\n<p>Burime paraprake b\u00ebjn\u00eb t\u00eb ditur se midis liderve t\u00eb opozit\u00ebs, do t\u00eb diskutohet mbi aksionin q\u00eb do t\u00eb ndjek\u00eb opozita n\u00eb lidhje me aktualitetin politik.<\/p>\n<div id=\"rekl-28\"><\/div>\n<div class=\"in-artile-read-more\"><\/div>\n<p>Nuk b\u00ebhen ende t\u00eb ditura detaje mbi vizit\u00ebn e Kryemadhit n\u00eb zyr\u00ebn e Bash\u00ebs, por kujtojm\u00eb se LSI \u00ebsht\u00eb regjistruar n\u00eb zgjedhjet e 13 Tetorit, dat\u00eb kjo e p\u00ebrcaktuar nga Presidenti Ilir Meta.<\/p>\n<div id=\"rekl-13\">\n<div id=\"__sap-ad-15\" class=\"__sap-ads __sap-html tracked\" data-title=\"Credins desktop 08\"><ins><\/p>\n<div id=\"beacon_0e38201486\"><img loading=\"lazy\" decoding=\"async\" src=\"https:\/\/ads1.medium.al\/www\/delivery\/lg.php?bannerid=373&amp;campaignid=48&amp;zoneid=182&amp;loc=https%3A%2F%2Fwww.syri.net%2Fpolitike%2F274247%2Fkryemadhi-i-shkon-ne-zyre-bashes-ja-cfare-diskutuan%2F&amp;referer=https%3A%2F%2Fwww.syri.net%2Flajme%2F&amp;cb=0e38201486\" alt=\"\" width=\"0\" height=\"0\" \/><\/div>\n<p><\/ins><\/div>\n<\/div>\n<p>Nd\u00ebrkaq situata politike \u00ebsht\u00eb ndezur s\u00eb fundmi, pas dor\u00ebheqjes s\u00eb kryebashkiakut t\u00eb Shkodr\u00ebs Valdrin Pjetri, i cili pas denoncimeve t\u00eb PD-s\u00eb rezultoi se ishte d\u00ebnuar p\u00ebr trafik l\u00ebnd\u00ebsh narkotike n\u00eb vitin 2003 n\u00eb Itali.<\/p>\n<p>Edhe pse nuk ka nj\u00eb kryebashkiak, socialist\u00ebt shprehen t\u00eb bindur se do t\u00eb realizohet konstituimi i k\u00ebshillit bashkiak me dat\u00ebn 19 gusht, pavar\u00ebsisht se nuk \u00ebsht\u00eb e qart\u00eb sesi do t\u00eb procedohet.<\/p>\n","protected":false},"excerpt":{"rendered":"<p>Kryetarja e L\u00ebvizjes Socialiste p\u00ebr Integrim Monika Kryemadhi pak minuta m\u00eb par\u00eb ka mb\u00ebrritur n\u00eb zyr\u00ebn e kreut t\u00eb Partis\u00eb Demokratike Lulzim Bash\u00ebn. Burime paraprake b\u00ebjn\u00eb t\u00eb ditur se midis liderve t\u00eb opozit\u00ebs, do t\u00eb diskutohet mbi aksionin q\u00eb do t\u00eb ndjek\u00eb opozita n\u00eb lidhje me aktualitetin politik. Nuk b\u00ebhen ende t\u00eb ditura detaje mbi [&hellip;]<\/p>\n","protected":false},"author":2013,"featured_media":101755,"comment_status":"open","ping_status":"closed","sticky":false,"template":"","format":"standard","meta":{"footnotes":""},"categories":[241,235],"tags":[],"class_list":{"0":"post-101754","1":"post","2":"type-post","3":"status-publish","4":"format-standard","5":"has-post-thumbnail","7":"category-aktualitet","8":"category-vendi"},"_links":{"self":[{"href":"https:\/\/zjarr.tv\/sq\/wp-json\/wp\/v2\/posts\/101754","targetHints":{"allow":["GET"]}}],"collection":[{"href":"https:\/\/zjarr.tv\/sq\/wp-json\/wp\/v2\/posts"}],"about":[{"href":"https:\/\/zjarr.tv\/sq\/wp-json\/wp\/v2\/types\/post"}],"author":[{"embeddable":true,"href":"https:\/\/zjarr.tv\/sq\/wp-json\/wp\/v2\/users\/2013"}],"replies":[{"embeddable":true,"href":"https:\/\/zjarr.tv\/sq\/wp-json\/wp\/v2\/comments?post=101754"}],"version-history":[{"count":0,"href":"https:\/\/zjarr.tv\/sq\/wp-json\/wp\/v2\/posts\/101754\/revisions"}],"wp:featuredmedia":[{"embeddable":true,"href":"https:\/\/zjarr.tv\/sq\/wp-json\/wp\/v2\/media\/101755"}],"wp:attachment":[{"href":"https:\/\/zjarr.tv\/sq\/wp-json\/wp\/v2\/media?parent=101754"}],"wp:term":[{"taxonomy":"category","embeddable":true,"href":"https:\/\/zjarr.tv\/sq\/wp-json\/wp\/v2\/categories?post=101754"},{"taxonomy":"post_tag","embeddable":true,"href":"https:\/\/zjarr.tv\/sq\/wp-json\/wp\/v2\/tags?post=101754"}],"curies":[{"name":"wp","href":"https:\/\/api.w.org\/{rel}","templated":true}]}}