{"id":101757,"date":"2019-08-16T13:56:17","date_gmt":"2019-08-16T11:56:17","guid":{"rendered":"https:\/\/zjarr.tv\/?p=101757"},"modified":"2019-08-16T13:56:17","modified_gmt":"2019-08-16T11:56:17","slug":"berisha-rames-stop-plackitjes-se-pasurise-historike-te-mirdites","status":"publish","type":"post","link":"https:\/\/zjarr.tv\/sq\/berisha-rames-stop-plackitjes-se-pasurise-historike-te-mirdites\/","title":{"rendered":"Berisha &#8211; Ram\u00ebs: Stop pla\u00e7kitjes s\u00eb pasuris\u00eb historike t\u00eb Mirdit\u00ebs!"},"content":{"rendered":"<p>Mirdor\u00ebt kan\u00eb shprehur shqet\u00ebsimin e tyre t\u00eb madh p\u00ebr marrjen e nj\u00eb guri prehistorik, t\u00eb zbuluar s\u00eb fundmi n\u00eb fshatin Xhuxh\u00eb, nga ekspert\u00ebt e qeveris\u00eb, me dyshimin se ai gur do t\u00eb zhduket ashtu si dhe qindra ikona t\u00eb vjedhura nga kishat deri m\u00eb sot, p\u00ebrderisa atyre nuk iu \u00ebsht\u00eb treguar se ku do t\u00eb d\u00ebrgohet.<\/p>\n<p>Ish-Kryeministri Sali Berisha e ka vler\u00ebsuar shum\u00eb t\u00eb drejt\u00eb shqet\u00ebsimin e tyre p\u00ebr k\u00ebt\u00eb gjetje me r\u00ebnd\u00ebsi historike dhe turistike p\u00ebr zon\u00ebn dhe ka akuzuar qeverin\u00eb dhe kreun e saj Edi Ram\u00ebn p\u00ebr pla\u00e7kitjen e k\u00ebsaj pasurie me vlera t\u00eb pallogaritshme t\u00eb Mirdit\u00ebs. Ai i ka b\u00ebr\u00eb thirrje Ram\u00ebs, ministrit Lleshaj dhe kryebashkiakut t\u00eb Rr\u00ebshenit, t\u00eb heqin dor\u00eb menj\u00ebher\u00eb nga ky akt i pap\u00ebrgjegjsh\u00ebm.<\/p>\n<div id=\"rekl-28\"><\/div>\n<div class=\"in-artile-read-more\"><\/div>\n<p><strong>Sh\u00ebnimi i plot\u00eb i Berish\u00ebs n\u00eb Fb:<\/strong><\/p>\n<div id=\"rekl-13\">\n<div id=\"__sap-ad-15\" class=\"__sap-ads __sap-html tracked\" data-title=\"Credins desktop 08\"><ins><\/p>\n<div id=\"beacon_3373141653\"><img loading=\"lazy\" decoding=\"async\" src=\"https:\/\/ads1.medium.al\/www\/delivery\/lg.php?bannerid=373&amp;campaignid=48&amp;zoneid=182&amp;loc=https%3A%2F%2Fwww.syri.net%2Fpolitike%2F274258%2Fankthi-per-gurin-prehistorik-berisha-rames-stop-plackitjes-se-pasurise-historike-te-mirdites%2F&amp;referer=https%3A%2F%2Fwww.syri.net%2Flajme%2F&amp;cb=3373141653\" alt=\"\" width=\"0\" height=\"0\" \/><\/div>\n<p><\/ins><\/div>\n<\/div>\n<div id=\"rekl-4\"><\/div>\n<p>Banor\u00ebt e fshatit t\u00eb njohur Xhuxh\u00eb t\u00eb Fanit, Mirdit\u00eb, kan\u00eb b\u00ebr\u00eb nj\u00eb gjetje arkeologjike e historike jasht\u00ebzakonisht t\u00eb r\u00ebnd\u00ebsishme, jo vet\u00ebm p\u00ebr Xhuxh\u00ebn, por p\u00ebr Mirdit\u00ebn dhe mbar\u00eb Shqip\u00ebrin\u00eb.<\/p>\n<p>Ata kan\u00eb gjetur nj\u00eb gur me shkrime dhe vizatime, q\u00eb shkojn\u00eb n\u00eb prehistori dhe q\u00eb d\u00ebshmon lasht\u00ebsin\u00eb dhe p\u00ebrjet\u00ebsin\u00eb e tyre n\u00eb trev\u00ebn ku jetojn\u00eb.<\/p>\n<p>Spiun\u00eb t\u00eb narkoqeveris\u00eb kan\u00eb informuar k\u00ebt\u00eb t\u00eb fundit dhe nga narkoministria e Kultur\u00ebs jan\u00eb d\u00ebrguar ekspert\u00eb, t\u00eb cil\u00ebt jan\u00eb mrekulluar me gjetjen arkeologjike t\u00eb banor\u00ebve t\u00eb Xhuxh\u00ebs.<\/p>\n<p>Por banor\u00ebt, t\u00eb cil\u00ebt vler\u00ebsojn\u00eb shum\u00eb pasurin\u00eb arkologjike historike t\u00eb gjetur prej tyre kan\u00eb m\u00ebsuar nga burime serioze se Edvin Mafia ka urdh\u00ebruar t\u00ebrheqjen e gurit nga zona ku \u00ebsht\u00eb gjetur.<\/p>\n<p>Duke ditur historikun e vjedhjes s\u00eb ikonave t\u00eb kishave t\u00eb tyre dhe shitjen e tyre n\u00eb Paris nga Edvin Mafia, banor\u00ebt druajn\u00eb shum\u00eb se guri i historis\u00eb s\u00eb tyre mund t\u00eb p\u00ebsoj\u00eb fatin e ikonave.<\/p>\n<p>Ata kan\u00eb plot\u00ebsisht t\u00eb drejt\u00eb sepse Gjeneral Hashashi dhe narkomonisti i Rr\u00ebshenit n\u00eb zbatim t\u00eb urdhrit t\u00eb kreut t\u00eb meduz\u00ebs kan\u00eb b\u00ebr\u00eb planin e grabitjes fshehtas t\u00eb gurit nga vendodhja e tij.<\/p>\n<p>Duke d\u00ebnuar me ashp\u00ebrsin\u00eb m\u00eb t\u00eb madhe projektin kriminal t\u00eb narkoqeveritar\u00ebve p\u00ebr pla\u00e7kitjen e nj\u00eb pasurie me vlera historike t\u00eb pallogaritshme, k\u00ebrkoj t\u00eb hiqet menj\u00ebher\u00eb dor\u00eb nga ky akt i pap\u00ebrgjegjsh\u00ebm dhe t\u00eb mos nd\u00ebrmerret asnj\u00eb veprim pa miratimin e plot\u00eb t\u00eb komunitetit q\u00eb tashm\u00eb e kan\u00eb at\u00eb pasuri t\u00eb \u00e7muar t\u00eb tyre.<\/p>\n<div class=\"fotogaleri\">\n<div class=\"bx-wrapper\">\n<div class=\"bx-viewport\"><\/div>\n<div class=\"bx-controls bx-has-pager bx-has-controls-direction\">\n<div class=\"bx-controls-direction\"><\/div>\n<\/div>\n<\/div>\n<\/div>\n<blockquote><p>Doktor, p\u00ebrsh\u00ebndetje !<br \/>\nShpresoj t\u00eb jeni mir\u00eb familjarisht !<br \/>\nPo ju shqet\u00ebsoj p\u00ebr nj\u00eb problem, q\u00eb e konsideroj t\u00eb mpreht\u00eb p\u00ebr zon\u00ebn e Fanit, Mirdit\u00eb, por q\u00eb k\u00ebrkon v\u00ebmendje mediatike t\u00eb shtuar dhe natyrisht postimet tuaja kan\u00eb ndjeshm\u00ebri t\u00eb lart\u00eb n\u00eb opinionin publik .<\/p>\n<p>Banoret e Xhuxh\u00ebs, Fanit, Mirdit\u00eb kan\u00eb zbuluar nj\u00eb gur prehistorik t\u00eb lasht\u00ebsis\u00eb, me petroglife, q\u00eb tregojn\u00eb historin\u00eb e hershme t\u00eb zon\u00ebs.<br \/>\nPas kqyrjes nga specialist\u00ebt e Ministris\u00eb s\u00eb Kultur\u00ebs, n\u00eb bashk\u00ebpunim me Bashkin\u00eb Mirdit\u00eb, kan\u00eb planifikuar marrjen e tij , nes\u00ebr n\u00eb fsheht\u00ebsi t\u00eb banor\u00ebve t\u00eb zon\u00ebs dhe pa asnj\u00eb konsultim me banor\u00ebt e saj .<br \/>\nN\u00eb vend q\u00eb Bashkia Mirdit\u00eb dhe Ministria e Kultur\u00ebs t\u00eb mendonin ruajtjen, promovimin e tij si nj\u00eb aset t\u00eb vlefsh\u00ebm turistik p\u00ebr zon\u00ebn e Fanit dhe Mirdit\u00ebs, ata turren pa u konsultuar me banor\u00ebt e zon\u00ebs p\u00ebr t\u2019ua marr\u00eb at\u00eb pa treguar destinacionin e tij n\u00eb muzeun historik apo n\u00eb tregun e zi, ashtu si\u00e7 kan\u00eb p\u00ebrfunduar ikonat e kishave mesjetare n\u00eb t\u00eb kaluar\u00ebn nga \u201c mjeshtrat\u201d n\u00eb krye t\u00eb qeveris\u00eb.<br \/>\nBanor\u00ebt e Fanit kan\u00eb shum\u00eb n\u00eb dor\u00eb p\u00ebr t\u00eb mos lejuar grabitjen e radh\u00ebs nga Ministria e Kultur\u00ebs dhe Bashkia Mirdit\u00eb.<br \/>\nBashkia Mirdit\u00eb, pas nj\u00eb qeverisje kat\u00ebrvje\u00e7are q\u00eb i hapi rrug\u00eb grabitjes s\u00eb pasurive potenciale t\u00eb zon\u00ebs, \u00ebsht\u00eb bashkautor n\u00eb grabitjen e gurit me petroglife t\u00eb Xhuxh\u00ebs, Fan duke iu hequr mund\u00ebsin\u00eb banor\u00ebve t\u00eb zon\u00ebs p\u00ebr promovimin e tij dhe kthimin e k\u00ebtij vendi n\u00eb destinacion turistik p\u00ebr vizitor\u00eb vendas dhe t\u00eb huaj, por dhe si nj\u00eb vend p\u00ebrbashkimi p\u00ebr banor\u00ebt e fshatit Xhuxh\u00eb!<\/p>\n<p>M\u00eb fal p\u00ebr koh\u00ebn e pap\u00ebrshtatshme!<br \/>\nUroj \u00e7do t\u00eb mir\u00eb p\u00ebr ju familjarisht!<\/p><\/blockquote>\n","protected":false},"excerpt":{"rendered":"<p>Mirdor\u00ebt kan\u00eb shprehur shqet\u00ebsimin e tyre t\u00eb madh p\u00ebr marrjen e nj\u00eb guri prehistorik, t\u00eb zbuluar s\u00eb fundmi n\u00eb fshatin Xhuxh\u00eb, nga ekspert\u00ebt e qeveris\u00eb, me dyshimin se ai gur do t\u00eb zhduket ashtu si dhe qindra ikona t\u00eb vjedhura nga kishat deri m\u00eb sot, p\u00ebrderisa atyre nuk iu \u00ebsht\u00eb treguar se ku do t\u00eb [&hellip;]<\/p>\n","protected":false},"author":2013,"featured_media":66422,"comment_status":"open","ping_status":"closed","sticky":false,"template":"","format":"standard","meta":{"footnotes":""},"categories":[241,235],"tags":[],"class_list":{"0":"post-101757","1":"post","2":"type-post","3":"status-publish","4":"format-standard","5":"has-post-thumbnail","7":"category-aktualitet","8":"category-vendi"},"_links":{"self":[{"href":"https:\/\/zjarr.tv\/sq\/wp-json\/wp\/v2\/posts\/101757","targetHints":{"allow":["GET"]}}],"collection":[{"href":"https:\/\/zjarr.tv\/sq\/wp-json\/wp\/v2\/posts"}],"about":[{"href":"https:\/\/zjarr.tv\/sq\/wp-json\/wp\/v2\/types\/post"}],"author":[{"embeddable":true,"href":"https:\/\/zjarr.tv\/sq\/wp-json\/wp\/v2\/users\/2013"}],"replies":[{"embeddable":true,"href":"https:\/\/zjarr.tv\/sq\/wp-json\/wp\/v2\/comments?post=101757"}],"version-history":[{"count":0,"href":"https:\/\/zjarr.tv\/sq\/wp-json\/wp\/v2\/posts\/101757\/revisions"}],"wp:featuredmedia":[{"embeddable":true,"href":"https:\/\/zjarr.tv\/sq\/wp-json\/wp\/v2\/media\/66422"}],"wp:attachment":[{"href":"https:\/\/zjarr.tv\/sq\/wp-json\/wp\/v2\/media?parent=101757"}],"wp:term":[{"taxonomy":"category","embeddable":true,"href":"https:\/\/zjarr.tv\/sq\/wp-json\/wp\/v2\/categories?post=101757"},{"taxonomy":"post_tag","embeddable":true,"href":"https:\/\/zjarr.tv\/sq\/wp-json\/wp\/v2\/tags?post=101757"}],"curies":[{"name":"wp","href":"https:\/\/api.w.org\/{rel}","templated":true}]}}