{"id":102043,"date":"2019-08-18T13:08:54","date_gmt":"2019-08-18T11:08:54","guid":{"rendered":"https:\/\/zjarr.tv\/?p=102043"},"modified":"2019-08-18T13:08:54","modified_gmt":"2019-08-18T11:08:54","slug":"zhupa-skela-syla-e-kontaktuar-nga-veliaj","status":"publish","type":"post","link":"https:\/\/zjarr.tv\/sq\/zhupa-skela-syla-e-kontaktuar-nga-veliaj\/","title":{"rendered":"Zhupa: \u2018Skela Syla\u2019 e kontaktuar nga Veliaj"},"content":{"rendered":"<div class=\"readmore-text-here\">\n<p>Dy dit\u00eb pas vdekjes s\u00eb dy punonj\u00ebsve q\u00eb ran\u00eb nga skela, z\u00ebdh\u00ebn\u00ebsja e PD-s\u00eb Ina Zhupa b\u00ebn p\u00ebrgjegj\u00ebs kryetarin e bashkis\u00eb s\u00eb Tiran\u00ebs, Erion Veliaj.<\/p>\n<p>Kjo sepse, ishte kryebashkiaku Veliaj ai q\u00eb i kishte kontraktuar kompanit\u00eb private q\u00eb t\u00eb kryenin punime n\u00eb nj\u00eb investim t\u00eb p\u00ebrbashk\u00ebt \u2018Komunitet-Bashki\u2019 p\u00ebr rehabilitimin e fasadave t\u00eb pallateve n\u00eb kryeqytet.<\/p>\n<div id=\"rekl-28\"><\/div>\n<div class=\"in-artile-read-more\"><\/div>\n<p>Firmat i kryenin punimet jasht\u00eb \u00e7do parametri sigurie si\u00e7 u d\u00ebshmua n\u00eb rastin e rr\u00ebzimit t\u00eb skel\u00ebs dy dit\u00eb m\u00eb par\u00eb, por sipas Zhup\u00ebs jo vet\u00ebm firmat kan\u00eb p\u00ebrgjegj\u00ebsi k\u00ebtu. Por edhe kryetari i bashkis\u00eb.<\/p>\n<div id=\"rekl-13\">\n<div id=\"__sap-ad-15\" class=\"__sap-ads __sap-html tracked\" data-title=\"Credins desktop 08\"><ins><\/p>\n<div id=\"beacon_65e5ed059f\"><img loading=\"lazy\" decoding=\"async\" src=\"https:\/\/ads1.medium.al\/www\/delivery\/lg.php?bannerid=373&amp;campaignid=48&amp;zoneid=182&amp;loc=https%3A%2F%2Fwww.syri.net%2Fpolitike%2F274667%2Fvideo-vdekja-e-punetoreve-nga-skela-zhupa-skela-syla-e-kontaktuar-nga-veliaj%2F&amp;referer=https%3A%2F%2Fwww.syri.net%2Flajme%2F&amp;cb=65e5ed059f\" alt=\"\" width=\"0\" height=\"0\" \/><\/div>\n<p><\/ins><\/div>\n<\/div>\n<p>&nbsp;<\/p>\n<p>\u2018Erion Veliaj vazhdon t\u00eb shkaktoj vrasje n\u00eb krye t\u00eb Bashkis\u00eb Tiran\u00eb. Drejt\u00ebsi p\u00ebr Ergys Brahimaj dhe Orjan Kodr\u00ebn!<\/p>\n<p>Ngjarja e 16 Gushtit 2019 ku mbeten t\u00eb vdekur 2 pun\u00ebtor ndodhi si shkak i kompanive \u2018Skele Syla\u2019 sh.p.k dhe \u2018Xhimi\u2019 sh.p.k , kompani t\u00eb kontraktuara nga Bashkia Tiran\u00eb q\u00eb kryenin punime jasht\u00eb cdo parametri t\u00eb siguris\u00eb teknike.<\/p>\n<p>Bashkia e Tiran\u00ebs, si bashk\u00ebfinancuese e projekteve n\u00eb kuad\u00ebr t\u00eb \u2018Fondit t\u00eb Komunitetit\u2019, ka p\u00ebrgjegj\u00ebsi p\u00ebr zbatimin e tyre, po aq sakompanit\u00eb private q\u00eb i zbatojn\u00eb ato.<\/p>\n<p>Edhe Inspektorati Shtet\u00ebror i Pun\u00ebs, n\u00eb nj\u00eb deklarat\u00eb publike p\u00ebr ngjarjen, thot\u00eb nd\u00ebr t\u00eb tjera se \u2018aksidenti ka ndodhur\u2026n\u00eb nj\u00eb pallat t\u00eb nd\u00ebrtuar koh\u00eb m\u00eb par\u00eb, ku po kryheshin punime n\u00ebp\u00ebrmjet nj\u00eb investimi t\u00eb p\u00ebrbashk\u00ebt Komunitet-Bashki\u2019. Duket qart\u00eb q\u00eb jan\u00eb dy pal\u00eb n\u00eb krye t\u00eb punimeve.<\/p>\n<p>Veliaj \u00ebsht\u00eb autoriteti i vet\u00ebm p\u00ebrgjegj\u00ebs i firmosjes s\u00eb kontratave publike, ku bashkia si pal\u00eb ka q\u00ebn\u00eb bashk\u00eb p\u00ebrgjegj\u00ebse!<\/p>\n<p>Bashkia e drejtuar nga Erion Veliaj \u00ebsht\u00eb po aq p\u00ebrgjegj\u00ebse p\u00ebr ngjarjen, sa edhe kompanit\u00eb private \u2018Xhimi Tarushi\u2019 dhe \u2018Syla\u2019 shpk. Dhe si\u00e7 jan\u00eb shpallur n\u00eb k\u00ebrkim administrator\u00ebt e tyre, duhet t\u00eb jet\u00eb n\u00eb hetim edhe Erion Veliaj!\u2019, shkruan Zhupa.<\/p>\n<p>N\u00eb videon e m\u00ebposhtme jepet edhe momenti kur Veliaj inauguron nism\u00ebn e re, t\u00eb projektit p\u00ebr rehabilitimin e fasadave.<\/p>\n<p>P\u00ebr m\u00eb tep\u00ebr, sipas z\u00ebdh\u00ebn\u00ebses s\u00eb PD-s\u00eb bashkia dhe Inspektoriati Shtet\u00ebror i Pun\u00ebs kan\u00eb dyfish m\u00eb shum\u00eb p\u00ebrgjegj\u00ebsi sepse nuk kan\u00eb ushtruar asnj\u00eb kontroll gjat\u00eb pun\u00ebs n\u00eb k\u00ebt\u00eb kantier.<\/p>\n<p>Zhupa kujton edhe nj\u00eb tjet\u00ebr rast t\u00eb ndodhur tre vite m\u00eb par\u00eb, aksidentin q\u00eb i mori jet\u00ebn Ardit Gjoklajt n\u00eb landfillin e Sharr\u00ebs.<\/p>\n<p>\u2018Nd\u00ebrkoh\u00eb Bashkia Tirane dhe Inspektoriati Shtet\u00ebror i Pun\u00ebs kan\u00eb p\u00ebrgjegj\u00ebsi dyfishe se nuk kan\u00eb ushtruar asnj\u00eb kontroll gjat\u00eb pun\u00ebs n\u00eb k\u00ebt\u00eb kantier.<\/p>\n<p>Pun\u00ebtor\u00ebt punonin n\u00eb t\u00eb zez\u00eb ,t\u00eb pa siguruar dhe shfryt\u00ebzoheshin n\u00eb munges\u00eb t\u00eb kushteve dhe siguris\u00eb n\u00eb pun\u00eb ku fatkeq\u00ebsisht 2 prej tyre mbet\u00ebn t\u00eb vdekur nga rr\u00ebzimi i skel\u00ebs ku ishte vendosur p\u00ebr lyerjen e fasad\u00ebs s\u00eb pallatit ku banonte zv. Kryeministi Erion Bra\u00e7e.<\/p>\n<p>Edhe k\u00ebt\u00eb her\u00eb ngjarja \u00ebsht\u00eb e r\u00ebnde dhe e nj\u00ebjt\u00eb si 3 vite m\u00eb par\u00eb n\u00eb Landfillin e Sharr\u00ebs ku dhe sigurisht protagonist dhe p\u00ebrgjegj\u00ebs kryesor \u00ebsht\u00eb Erion Veliaj dhe institucionin i tij si autoritet kontraktor i kontratave publike te firmosura.<\/p>\n<p>3 vite m\u00eb par\u00eb Bashkia Tiran\u00eb lidhi kontrat\u00ebn me kompanin\u00eb \u20183r\u2019 sh.p.k p\u00ebr t\u00eb kryer diferencimin e mbetjeve n\u00eb Landfillin e Sharr\u00ebs.<\/p>\n<p>Veliaj e promovoj si sukses dhe shprehu thirrjen p\u00ebr pun\u00ebsim t\u00eb njer\u00ebzve n\u00eb Landfill por pas 2 muajsh ndodhi dhe vrasja e Ardit Gjoklaj n\u00eb Landfillin e Sharres ku dhe u shfryt\u00ebzua n\u00eb munges\u00eb t\u00eb kushteve t\u00eb pun\u00ebs dhe siguris\u00eb.<\/p>\n<p>Politike me vdekjet nuk behet, por ama kjo nuk duhet t\u00eb na ndaloi q\u00eb t\u00eb denoncojm\u00eb politikan\u00ebt q\u00eb nga veprimet ose mosveprimet e tyre shkaktojn\u00eb viktima njer\u00ebzish t\u00eb pafajsh\u00ebm dhe t\u00eb k\u00ebrkojm\u00eb drejt\u00ebsi p\u00ebr viktimat!<\/p>\n<p>Veliaj \u00ebsht\u00eb nj\u00eb fatkeq\u00ebsi p\u00ebr Tiran\u00ebn dhe qytetar\u00ebt e ndersh\u00ebm t\u00eb saj!<\/p>\n<p>Sot duhet drejt\u00ebsi p\u00ebr Ergys Brahimaj dhe Orjan Kodren! Ashtu si nuk e harrojm\u00eb dhe k\u00ebrkojm\u00eb drejt\u00ebsi p\u00ebr Ardit Gjoklajn!\u2019, shkruan z\u00ebdh\u00ebn\u00ebsja e PD-s\u00eb.<\/p>\n<p>&nbsp;<\/p>\n<\/div>\n<div id=\"rekl-33\"><\/div>\n","protected":false},"excerpt":{"rendered":"<p>Dy dit\u00eb pas vdekjes s\u00eb dy punonj\u00ebsve q\u00eb ran\u00eb nga skela, z\u00ebdh\u00ebn\u00ebsja e PD-s\u00eb Ina Zhupa b\u00ebn p\u00ebrgjegj\u00ebs kryetarin e bashkis\u00eb s\u00eb Tiran\u00ebs, Erion Veliaj. Kjo sepse, ishte kryebashkiaku Veliaj ai q\u00eb i kishte kontraktuar kompanit\u00eb private q\u00eb t\u00eb kryenin punime n\u00eb nj\u00eb investim t\u00eb p\u00ebrbashk\u00ebt \u2018Komunitet-Bashki\u2019 p\u00ebr rehabilitimin e fasadave t\u00eb pallateve n\u00eb kryeqytet. [&hellip;]<\/p>\n","protected":false},"author":2013,"featured_media":58000,"comment_status":"open","ping_status":"closed","sticky":false,"template":"","format":"standard","meta":{"footnotes":""},"categories":[241,235],"tags":[],"class_list":{"0":"post-102043","1":"post","2":"type-post","3":"status-publish","4":"format-standard","5":"has-post-thumbnail","7":"category-aktualitet","8":"category-vendi"},"_links":{"self":[{"href":"https:\/\/zjarr.tv\/sq\/wp-json\/wp\/v2\/posts\/102043","targetHints":{"allow":["GET"]}}],"collection":[{"href":"https:\/\/zjarr.tv\/sq\/wp-json\/wp\/v2\/posts"}],"about":[{"href":"https:\/\/zjarr.tv\/sq\/wp-json\/wp\/v2\/types\/post"}],"author":[{"embeddable":true,"href":"https:\/\/zjarr.tv\/sq\/wp-json\/wp\/v2\/users\/2013"}],"replies":[{"embeddable":true,"href":"https:\/\/zjarr.tv\/sq\/wp-json\/wp\/v2\/comments?post=102043"}],"version-history":[{"count":0,"href":"https:\/\/zjarr.tv\/sq\/wp-json\/wp\/v2\/posts\/102043\/revisions"}],"wp:featuredmedia":[{"embeddable":true,"href":"https:\/\/zjarr.tv\/sq\/wp-json\/wp\/v2\/media\/58000"}],"wp:attachment":[{"href":"https:\/\/zjarr.tv\/sq\/wp-json\/wp\/v2\/media?parent=102043"}],"wp:term":[{"taxonomy":"category","embeddable":true,"href":"https:\/\/zjarr.tv\/sq\/wp-json\/wp\/v2\/categories?post=102043"},{"taxonomy":"post_tag","embeddable":true,"href":"https:\/\/zjarr.tv\/sq\/wp-json\/wp\/v2\/tags?post=102043"}],"curies":[{"name":"wp","href":"https:\/\/api.w.org\/{rel}","templated":true}]}}