{"id":102045,"date":"2019-08-18T13:11:29","date_gmt":"2019-08-18T11:11:29","guid":{"rendered":"https:\/\/zjarr.tv\/?p=102045"},"modified":"2019-08-18T13:11:29","modified_gmt":"2019-08-18T11:11:29","slug":"ndahet-nga-jeta-mjeku-i-mirenjohur-shqiptar","status":"publish","type":"post","link":"https:\/\/zjarr.tv\/sq\/ndahet-nga-jeta-mjeku-i-mirenjohur-shqiptar\/","title":{"rendered":"Ndahet nga jeta mjeku i mir\u00ebnjohur shqiptar"},"content":{"rendered":"<p>Ish-kryeministri Sali Berisha ka njoftuar sot ndarjen nga jeta t\u00eb Profesor Doktorit Thoma Kristo.<\/p>\n<p>Me nj\u00eb mesazh n\u00eb Facebook, ish-kryeministri Berisha shkruan se mjeku kardiopediat\u00ebr, themeluesi i k\u00ebsaj katedre dhe njeriu i qindra artikujsh, monografish e tekstesh nuk jeton m\u00eb.<\/p>\n<div class=\"in-artile-read-more\">\n<h2><\/h2>\n<\/div>\n<p>\u2018Profesor Thoma Kristo do t\u00eb ishte gjithashtu nd\u00ebr t\u00eb par\u00ebt n\u00eb mbeshtetjen e forcave demokratike dhe mbeti gjithnj\u00eb nj\u00eb mb\u00ebshtetes i pal\u00ebkundur i tyre n\u00eb Shqip\u00ebri\u2019, shkruan ish-kryeministri Berisha.<\/p>\n<div id=\"rekl-13\">\n<div id=\"__sap-ad-15\" class=\"__sap-ads __sap-html tracked\" data-title=\"Credins desktop 08\"><ins><\/p>\n<div id=\"beacon_3fcdd004c5\"><img loading=\"lazy\" decoding=\"async\" src=\"https:\/\/ads1.medium.al\/www\/delivery\/lg.php?bannerid=373&amp;campaignid=48&amp;zoneid=182&amp;loc=https%3A%2F%2Fwww.syri.net%2Fpolitike%2F274669%2Ffoto-ndahet-nga-jeta-mjeku-i-mirenjohur-shqiptar%2F&amp;referer=https%3A%2F%2Fwww.syri.net%2Flajme%2F&amp;cb=3fcdd004c5\" alt=\"\" width=\"0\" height=\"0\" \/><\/div>\n<p><\/ins><\/div>\n<\/div>\n<div id=\"rekl-4\"><\/div>\n<p>Ai ka shprehur ngush\u00ebllimet p\u00ebr familjen e Profesor Doktorit Thoma Kristo.<\/p>\n<p><strong>M\u00eb posht\u00eb, mesazhi i plot\u00eb i ish-kryeministrit Sali Berisha:<\/strong><\/p>\n<p><em>Mjek\u00ebsia shqiptare humbi nje kollos te saj!<\/em><\/p>\n<p><em>Profesor Dr Thoma Kristo nuk \u00ebsht\u00eb me!<\/em><\/p>\n<p><em>Te dashur miq, me ndarjen nga jeta te Prof. Dr. Thoma Kristos mjekesia shqiptare bie ne zi. Ajo humbi nje kollos te saj ndersa shoqeria jone nje humanist te shquar.<\/em><\/p>\n<p><em>Prof Dr Thoma Kristo ishte njeri nga personalitetet me te shquara te mjeksise shqiptare, njeri nga pionieret dhe themeluesit e Fakultetit te Mjeksise dhe Sherbimit te Pediatrise dhe Kardio Pediatrise ne Shqiperi.<\/em><\/p>\n<p><em>Ne dekada pune e perkushtimi dhe humanizmi te te madh, me aftesite e tij te ve\u00e7anta Thoma Kristo ndihmo, diagnostikoi, mjekoi, sheroi dhe shpetoi jeten mijra e mijra femijeve te semure nga te kater anet e vendit. Profesor Thoma Kristo si njeri nder me te paret pedagog te Fakultetit te Mjeksise dha nje kontribut tejet te \u00e7muar ne pregatitjen e generatave te tera te mjekve te pergjithshem dhe specialisteve ne fushen e pediatrise dhe kardiopediatrise.<\/em><\/p>\n<p><em>Studiues, shkencetar i apasionuar ai eshte autor i nje serie te gjate kerkimesh te rendesishme shkencore, artikujsh, monografish, tekstesh qe qendrojne ne themelet e Mjekesise, Pediatrise dhe Kardiopediatrise te Shqiperise.<\/em><\/p>\n<p><em>Profesor Thoma Kristo do te ishte gjithashtu nder te paret ne mbeshtetjen e forcave demokratike dhe mbeti gjithnje nje mbeshtetes i palekundur i tyre ne Shqiperi.<\/em><\/p>\n<p><em>Duke u perulur me nderim dhe mirenjohje te thelle para kujtimit dhe vepres se tij shpreh ngushellimet e mia me te ndjera familjes, miqve, te afermvete te ndjerit Profesor Thoma Kristo dhe lutem se bashku me ta qe shpirti i tij i mire te gjeje paqen e merituar. sb<\/em><\/p>\n","protected":false},"excerpt":{"rendered":"<p>Ish-kryeministri Sali Berisha ka njoftuar sot ndarjen nga jeta t\u00eb Profesor Doktorit Thoma Kristo. Me nj\u00eb mesazh n\u00eb Facebook, ish-kryeministri Berisha shkruan se mjeku kardiopediat\u00ebr, themeluesi i k\u00ebsaj katedre dhe njeriu i qindra artikujsh, monografish e tekstesh nuk jeton m\u00eb. \u2018Profesor Thoma Kristo do t\u00eb ishte gjithashtu nd\u00ebr t\u00eb par\u00ebt n\u00eb mbeshtetjen e forcave demokratike [&hellip;]<\/p>\n","protected":false},"author":2013,"featured_media":38161,"comment_status":"open","ping_status":"closed","sticky":false,"template":"","format":"standard","meta":{"footnotes":""},"categories":[241,235],"tags":[],"class_list":{"0":"post-102045","1":"post","2":"type-post","3":"status-publish","4":"format-standard","5":"has-post-thumbnail","7":"category-aktualitet","8":"category-vendi"},"_links":{"self":[{"href":"https:\/\/zjarr.tv\/sq\/wp-json\/wp\/v2\/posts\/102045","targetHints":{"allow":["GET"]}}],"collection":[{"href":"https:\/\/zjarr.tv\/sq\/wp-json\/wp\/v2\/posts"}],"about":[{"href":"https:\/\/zjarr.tv\/sq\/wp-json\/wp\/v2\/types\/post"}],"author":[{"embeddable":true,"href":"https:\/\/zjarr.tv\/sq\/wp-json\/wp\/v2\/users\/2013"}],"replies":[{"embeddable":true,"href":"https:\/\/zjarr.tv\/sq\/wp-json\/wp\/v2\/comments?post=102045"}],"version-history":[{"count":0,"href":"https:\/\/zjarr.tv\/sq\/wp-json\/wp\/v2\/posts\/102045\/revisions"}],"wp:featuredmedia":[{"embeddable":true,"href":"https:\/\/zjarr.tv\/sq\/wp-json\/wp\/v2\/media\/38161"}],"wp:attachment":[{"href":"https:\/\/zjarr.tv\/sq\/wp-json\/wp\/v2\/media?parent=102045"}],"wp:term":[{"taxonomy":"category","embeddable":true,"href":"https:\/\/zjarr.tv\/sq\/wp-json\/wp\/v2\/categories?post=102045"},{"taxonomy":"post_tag","embeddable":true,"href":"https:\/\/zjarr.tv\/sq\/wp-json\/wp\/v2\/tags?post=102045"}],"curies":[{"name":"wp","href":"https:\/\/api.w.org\/{rel}","templated":true}]}}