{"id":102053,"date":"2019-08-18T14:36:53","date_gmt":"2019-08-18T12:36:53","guid":{"rendered":"https:\/\/zjarr.tv\/?p=102053"},"modified":"2019-08-18T14:36:53","modified_gmt":"2019-08-18T12:36:53","slug":"familjaret-mbyllin-restorantin-e-kokedhimes","status":"publish","type":"post","link":"https:\/\/zjarr.tv\/sq\/familjaret-mbyllin-restorantin-e-kokedhimes\/","title":{"rendered":"Familjar\u00ebt mbyllin restorantin e Kok\u00ebdhim\u00ebs"},"content":{"rendered":"<h1><\/h1>\n<div id=\"rekl-3\"><\/div>\n<div class=\"readmore-text-here\">\n<p>Restorant Panorma n\u00eb Vlor\u00eb, \u00ebsht\u00eb mbyllur dit\u00ebn e sotme teksa Gjykata e Vlor\u00ebs dha mas\u00ebn arrest me burg, p\u00ebr pronarin, Mihal Kok\u00ebdhima, pasi ky i fundit sulmoi nj\u00eb grup turist\u00ebsh spanjoll\u00eb.<\/p>\n<p>I nd\u00ebrtuar pa leje n\u00eb nj\u00eb nga zonat m\u00eb t\u00eb bukura bregdetare n\u00eb Shqip\u00ebri, bregdeti pran\u00eb \u201cPanorm\u00ebs\u201d mund t\u00eb vizitohet falas nga turist\u00ebt.<\/p>\n<div class=\"in-artile-read-more\">\n<h2><\/h2>\n<\/div>\n<p>Mbi der\u00ebn e restorantit \u00ebsht\u00eb vendosur nj\u00eb tabel\u00eb \u201cMbyllur\u201d dhe bregdeti mund t\u00eb shijohet pa pasur nevoj\u00eb t\u00eb paguash shezlongun e Kok\u00ebdhim\u00ebs, t\u00eb cil\u00ebt jan\u00eb hequr sot nga policia.<\/p>\n<div id=\"rekl-13\">\n<div id=\"__sap-ad-15\" class=\"__sap-ads __sap-html tracked\" data-title=\"Credins desktop 08\"><ins><\/p>\n<div id=\"beacon_5e51859489\"><img loading=\"lazy\" decoding=\"async\" src=\"https:\/\/ads1.medium.al\/www\/delivery\/lg.php?bannerid=373&amp;campaignid=48&amp;zoneid=182&amp;loc=https%3A%2F%2Fwww.syri.net%2Fkronike%2F274688%2Fdhunoi-turistet-familjaret-mbyllin-restorantin-e-kokedhimes%2F&amp;referer=https%3A%2F%2Fwww.syri.net%2Flajme%2F&amp;cb=5e51859489\" alt=\"\" width=\"0\" height=\"0\" \/><\/div>\n<p><\/ins><\/div>\n<\/div>\n<p>Jasht\u00eb der\u00ebs s\u00eb restorantit q\u00ebndron edhe nj\u00eb efektiv policie.<\/p>\n<p>Mihal Kok\u00ebdhima u la n\u00eb burg dit\u00ebn e sotme p\u00ebr kanosje, tre dit\u00eb pasi u arrestua.<\/p>\n<p>Nj\u00eb dit\u00eb m\u00eb par\u00eb u publikua nj\u00eb video ku Kok\u00ebdhima shihej mbi kofanon e disa turist\u00ebve spanjoll\u00eb teksa \u00e7ante xhamin me duar. Turist\u00ebt e denoncuan pronarin e lokalit p\u00ebr dhun\u00eb ndaj tyre, pasi kishin shprehur pak\u00ebnaq\u00ebsi ndaj ushqimit.<\/p>\n<\/div>\n","protected":false},"excerpt":{"rendered":"<p>Restorant Panorma n\u00eb Vlor\u00eb, \u00ebsht\u00eb mbyllur dit\u00ebn e sotme teksa Gjykata e Vlor\u00ebs dha mas\u00ebn arrest me burg, p\u00ebr pronarin, Mihal Kok\u00ebdhima, pasi ky i fundit sulmoi nj\u00eb grup turist\u00ebsh spanjoll\u00eb. I nd\u00ebrtuar pa leje n\u00eb nj\u00eb nga zonat m\u00eb t\u00eb bukura bregdetare n\u00eb Shqip\u00ebri, bregdeti pran\u00eb \u201cPanorm\u00ebs\u201d mund t\u00eb vizitohet falas nga turist\u00ebt. Mbi [&hellip;]<\/p>\n","protected":false},"author":2013,"featured_media":102054,"comment_status":"open","ping_status":"closed","sticky":false,"template":"","format":"standard","meta":{"footnotes":""},"categories":[241,235],"tags":[],"class_list":{"0":"post-102053","1":"post","2":"type-post","3":"status-publish","4":"format-standard","5":"has-post-thumbnail","7":"category-aktualitet","8":"category-vendi"},"_links":{"self":[{"href":"https:\/\/zjarr.tv\/sq\/wp-json\/wp\/v2\/posts\/102053","targetHints":{"allow":["GET"]}}],"collection":[{"href":"https:\/\/zjarr.tv\/sq\/wp-json\/wp\/v2\/posts"}],"about":[{"href":"https:\/\/zjarr.tv\/sq\/wp-json\/wp\/v2\/types\/post"}],"author":[{"embeddable":true,"href":"https:\/\/zjarr.tv\/sq\/wp-json\/wp\/v2\/users\/2013"}],"replies":[{"embeddable":true,"href":"https:\/\/zjarr.tv\/sq\/wp-json\/wp\/v2\/comments?post=102053"}],"version-history":[{"count":0,"href":"https:\/\/zjarr.tv\/sq\/wp-json\/wp\/v2\/posts\/102053\/revisions"}],"wp:featuredmedia":[{"embeddable":true,"href":"https:\/\/zjarr.tv\/sq\/wp-json\/wp\/v2\/media\/102054"}],"wp:attachment":[{"href":"https:\/\/zjarr.tv\/sq\/wp-json\/wp\/v2\/media?parent=102053"}],"wp:term":[{"taxonomy":"category","embeddable":true,"href":"https:\/\/zjarr.tv\/sq\/wp-json\/wp\/v2\/categories?post=102053"},{"taxonomy":"post_tag","embeddable":true,"href":"https:\/\/zjarr.tv\/sq\/wp-json\/wp\/v2\/tags?post=102053"}],"curies":[{"name":"wp","href":"https:\/\/api.w.org\/{rel}","templated":true}]}}