{"id":102059,"date":"2019-08-18T14:48:27","date_gmt":"2019-08-18T12:48:27","guid":{"rendered":"https:\/\/zjarr.tv\/?p=102059"},"modified":"2019-08-18T14:48:27","modified_gmt":"2019-08-18T12:48:27","slug":"pd-shkoder-neser-proteste-jo-keshill-te-ri","status":"publish","type":"post","link":"https:\/\/zjarr.tv\/sq\/pd-shkoder-neser-proteste-jo-keshill-te-ri\/","title":{"rendered":"PD Shkod\u00ebr: Nes\u00ebr protest\u00eb, jo k\u00ebshill t\u00eb ri"},"content":{"rendered":"<p>Nd\u00ebrsa nes\u00ebr \u00ebsht\u00eb parashikuar konstituimi nga maxhoranca i K\u00ebshillit Bashkiak t\u00eb Shkodr\u00ebs t\u00eb dal\u00eb nga 30 qershori opozita th\u00ebrret protest\u00eb. Partia Demokratike n\u00eb Shkod\u00ebr iu ka b\u00ebr\u00eb thirrje t\u00eb gjith\u00eb qytetar\u00ebve t\u00eb marrin pjes\u00eb n\u00eb nj\u00eb protest\u00eb paq\u00ebsore nes\u00ebr n\u00eb 10:00 p\u00ebr mbrojtjen e vlerave t\u00eb demokracis\u00eb e dinjitetit.<\/p>\n<div id=\"sovrn\" class=\"desktop_ad ad_bottom_space\"><ins><\/ins><\/p>\n<div id=\"onetag-wrapper-3\" class=\"sovrn-onetag-ad\"><\/div>\n<\/div>\n<p>PD deklaron se nuk mund t\u00eb pranohet konstituimi i nj\u00eb k\u00ebshilli ilegjitim dhe aq m\u00eb pak n\u00eb rektoratin e Universitetit t\u00eb Shkodr\u00ebs duke kujtuar 2 prillin e 30 viteve m\u00eb par\u00eb. Paralajm\u00ebrmi i PD Shkod\u00ebr p\u00ebr kryeministrin Rama \u00ebsht\u00eb: \u201cMos luaj me zjarrin!\u201d.<\/p>\n<p><strong>DEKLARATA<\/strong><br \/>\nPartia Demokratike, dega Shkod\u00ebr dit\u00ebn e nes\u00ebrme n\u00eb or\u00ebn 10:00,para Prefektur\u00ebs do t\u00eb organizoj\u00eb nj\u00eb protest\u00eb paq\u00ebsore p\u00ebr mbrojtjen e vlerave t\u00eb demokracis\u00eb e t\u00eb dinjitetit ton\u00eb si qytetar\u00eb t\u00eb Shkodr\u00ebs.<br \/>\nNe nuk duhet asesi t\u00eb pranojm\u00eb konstituimin e nj\u00eb k\u00ebshilli ilegjitim e aq m\u00eb pak n\u00eb rektoratin e Universitetit \u201cLuigj Gurakuqi\u201d. Aty ku krejt pran\u00eb, 30 vite m\u00eb par\u00eb jemi mbledhur t\u00eb gjith\u00eb pa asnj\u00eb ndasi politike, t\u00eb majt\u00eb e t\u00eb djatht\u00eb p\u00ebr rr\u00ebzimin e regjimit komunist. Pik\u00ebrisht vendin q\u00eb me 2 Prill, 4 d\u00ebshmor\u00ebt e Demokracis\u00eb e lan\u00eb me gjakun e tyre e ku qindra t\u00eb tjer\u00eb u plagos\u00ebn. Rilindasit zgjodh\u00ebn ish komitetin e partis\u00eb p\u00ebr t\u00eb konstituuar k\u00ebshillin ilegjitim vet\u00ebm p\u00ebr t\u00eb provokuar qytetar\u00ebt e Shkodr\u00ebs. Ne nuk mund t\u00eb pranojm\u00eb t\u00eb jemi d\u00ebshmitar\u00eb t\u00eb vendosjes s\u00eb nj\u00eb tjet\u00ebr regjimi. I b\u00ebjm\u00eb thirrje Edi Ram\u00ebs t\u00eb mos luaj\u00eb me zjarrin, t\u00eb mos luaj\u00eb me Shkodr\u00ebn! Shkodra do t\u00eb dij\u00eb s\u00ebrish t\u2019i dal\u00eb p\u00ebr Zot vetes.<br \/>\nPrandaj i ftojm\u00eb t\u00eb gjith\u00eb t\u00eb bashkohen me ne, p\u00ebr dinjitetin e qytetit ton\u00eb, p\u00ebr dinjitetin e Shkodr\u00ebs !<br \/>\n#partiademokratikeShkoder #pd<\/p>\n","protected":false},"excerpt":{"rendered":"<p>Nd\u00ebrsa nes\u00ebr \u00ebsht\u00eb parashikuar konstituimi nga maxhoranca i K\u00ebshillit Bashkiak t\u00eb Shkodr\u00ebs t\u00eb dal\u00eb nga 30 qershori opozita th\u00ebrret protest\u00eb. Partia Demokratike n\u00eb Shkod\u00ebr iu ka b\u00ebr\u00eb thirrje t\u00eb gjith\u00eb qytetar\u00ebve t\u00eb marrin pjes\u00eb n\u00eb nj\u00eb protest\u00eb paq\u00ebsore nes\u00ebr n\u00eb 10:00 p\u00ebr mbrojtjen e vlerave t\u00eb demokracis\u00eb e dinjitetit. PD deklaron se nuk mund t\u00eb [&hellip;]<\/p>\n","protected":false},"author":2013,"featured_media":102060,"comment_status":"open","ping_status":"closed","sticky":false,"template":"","format":"standard","meta":{"footnotes":""},"categories":[241,235],"tags":[],"class_list":{"0":"post-102059","1":"post","2":"type-post","3":"status-publish","4":"format-standard","5":"has-post-thumbnail","7":"category-aktualitet","8":"category-vendi"},"_links":{"self":[{"href":"https:\/\/zjarr.tv\/sq\/wp-json\/wp\/v2\/posts\/102059","targetHints":{"allow":["GET"]}}],"collection":[{"href":"https:\/\/zjarr.tv\/sq\/wp-json\/wp\/v2\/posts"}],"about":[{"href":"https:\/\/zjarr.tv\/sq\/wp-json\/wp\/v2\/types\/post"}],"author":[{"embeddable":true,"href":"https:\/\/zjarr.tv\/sq\/wp-json\/wp\/v2\/users\/2013"}],"replies":[{"embeddable":true,"href":"https:\/\/zjarr.tv\/sq\/wp-json\/wp\/v2\/comments?post=102059"}],"version-history":[{"count":0,"href":"https:\/\/zjarr.tv\/sq\/wp-json\/wp\/v2\/posts\/102059\/revisions"}],"wp:featuredmedia":[{"embeddable":true,"href":"https:\/\/zjarr.tv\/sq\/wp-json\/wp\/v2\/media\/102060"}],"wp:attachment":[{"href":"https:\/\/zjarr.tv\/sq\/wp-json\/wp\/v2\/media?parent=102059"}],"wp:term":[{"taxonomy":"category","embeddable":true,"href":"https:\/\/zjarr.tv\/sq\/wp-json\/wp\/v2\/categories?post=102059"},{"taxonomy":"post_tag","embeddable":true,"href":"https:\/\/zjarr.tv\/sq\/wp-json\/wp\/v2\/tags?post=102059"}],"curies":[{"name":"wp","href":"https:\/\/api.w.org\/{rel}","templated":true}]}}