{"id":102127,"date":"2019-08-18T15:23:43","date_gmt":"2019-08-18T13:23:43","guid":{"rendered":"https:\/\/zjarr.tv\/?p=102127"},"modified":"2019-08-18T15:23:43","modified_gmt":"2019-08-18T13:23:43","slug":"bashkepunetori-i-veliajt-lidhjet-e-erionit-me-skela-sylen","status":"publish","type":"post","link":"https:\/\/zjarr.tv\/sq\/bashkepunetori-i-veliajt-lidhjet-e-erionit-me-skela-sylen\/","title":{"rendered":"Bashk\u00ebpun\u00ebtori i Veliajt: Lidhjet e Erionit me \u2018Skela Syl\u00ebn\u2019"},"content":{"rendered":"<p>&nbsp;<\/p>\n<p>Sot \u00ebsht\u00eb pjes\u00eb e shoq\u00ebris\u00eb civile, por Kristi Pinderi m\u00eb her\u00ebt ka qen\u00eb bashkepunetor i afert i Erion Veliaj, kreu i &#8216;Mjaft&#8217;, i cili sot eshte kryebashkiak i Tiran\u00ebs.<\/p>\n<p>Vet\u00ebm pak dit\u00eb para se t\u00eb ndodhte tragjedia, ky dy pun\u00ebtor\u00eb vdiq\u00ebn n\u00eb krye t\u00eb detyr\u00ebs duke rikonstruktuar pallatin ku jeton zv\/kryeministri Erion Bra\u00e7e, Pinderi kishte denoncuar lidhjet e ngushta t\u00eb Veliajt me pronarin e \u2018Skela Syla\u2019.<\/p>\n<div id=\"rekl-28\"><\/div>\n<div class=\"in-artile-read-more\"><\/div>\n<p>Kristi Pinderi bashk\u00ebpun\u00ebtor i ngusht\u00eb i Erion Veliajt p\u00ebrmes nj\u00eb postimi n\u00eb Facebook hedh drite mbi lidhjen e kahershme financiare mes Erion Veliajt dhe kompanis\u00eb \u2018Skela Syla\u2019, p\u00ebrgjegj\u00ebse per vdekjen e dy pun\u00ebtor\u00ebve n\u00eb Tiran\u00eb, ku bie n\u00eb sy mungesa e kushteve teknike nga ana e kompanis\u00eb si dhe mbyllja e syve t\u00eb bashkis\u00eb p\u00ebrpara k\u00ebtyre mungesave.<\/p>\n<div id=\"rekl-13\">\n<div id=\"__sap-ad-15\" class=\"__sap-ads __sap-html tracked\" data-title=\"Credins desktop 08\"><ins><\/p>\n<div id=\"beacon_678a9e48d7\"><img loading=\"lazy\" decoding=\"async\" src=\"https:\/\/ads1.medium.al\/www\/delivery\/lg.php?bannerid=373&amp;campaignid=48&amp;zoneid=182&amp;loc=https%3A%2F%2Fwww.syri.net%2Fpolitike%2F274699%2Ffoto-bashkepunetori-i-veliajt-lidhjet-e-erionit-me-skela-sylen%2F&amp;referer=https%3A%2F%2Fwww.syri.net%2Flajme%2F&amp;cb=678a9e48d7\" alt=\"\" width=\"0\" height=\"0\" \/><\/div>\n<p><\/ins><\/div>\n<\/div>\n<div id=\"rekl-4\"><\/div>\n<p><strong>Ja \u00e7far\u00eb denonconte Kristi Pinderi pak dit\u00eb m\u00eb par\u00eb:<\/strong><\/p>\n<p><img decoding=\"async\" src=\"https:\/\/www.syri.net\/uploads\/syri.net\/images\/2019\/August\/18\/auto_Screenshot_11566133461.jpg\" alt=\"Image\" \/><\/p>\n","protected":false},"excerpt":{"rendered":"<p>&nbsp; Sot \u00ebsht\u00eb pjes\u00eb e shoq\u00ebris\u00eb civile, por Kristi Pinderi m\u00eb her\u00ebt ka qen\u00eb bashkepunetor i afert i Erion Veliaj, kreu i &#8216;Mjaft&#8217;, i cili sot eshte kryebashkiak i Tiran\u00ebs. Vet\u00ebm pak dit\u00eb para se t\u00eb ndodhte tragjedia, ky dy pun\u00ebtor\u00eb vdiq\u00ebn n\u00eb krye t\u00eb detyr\u00ebs duke rikonstruktuar pallatin ku jeton zv\/kryeministri Erion Bra\u00e7e, Pinderi [&hellip;]<\/p>\n","protected":false},"author":2013,"featured_media":57982,"comment_status":"open","ping_status":"closed","sticky":false,"template":"","format":"standard","meta":{"footnotes":""},"categories":[241,235],"tags":[],"class_list":{"0":"post-102127","1":"post","2":"type-post","3":"status-publish","4":"format-standard","5":"has-post-thumbnail","7":"category-aktualitet","8":"category-vendi"},"_links":{"self":[{"href":"https:\/\/zjarr.tv\/sq\/wp-json\/wp\/v2\/posts\/102127","targetHints":{"allow":["GET"]}}],"collection":[{"href":"https:\/\/zjarr.tv\/sq\/wp-json\/wp\/v2\/posts"}],"about":[{"href":"https:\/\/zjarr.tv\/sq\/wp-json\/wp\/v2\/types\/post"}],"author":[{"embeddable":true,"href":"https:\/\/zjarr.tv\/sq\/wp-json\/wp\/v2\/users\/2013"}],"replies":[{"embeddable":true,"href":"https:\/\/zjarr.tv\/sq\/wp-json\/wp\/v2\/comments?post=102127"}],"version-history":[{"count":0,"href":"https:\/\/zjarr.tv\/sq\/wp-json\/wp\/v2\/posts\/102127\/revisions"}],"wp:featuredmedia":[{"embeddable":true,"href":"https:\/\/zjarr.tv\/sq\/wp-json\/wp\/v2\/media\/57982"}],"wp:attachment":[{"href":"https:\/\/zjarr.tv\/sq\/wp-json\/wp\/v2\/media?parent=102127"}],"wp:term":[{"taxonomy":"category","embeddable":true,"href":"https:\/\/zjarr.tv\/sq\/wp-json\/wp\/v2\/categories?post=102127"},{"taxonomy":"post_tag","embeddable":true,"href":"https:\/\/zjarr.tv\/sq\/wp-json\/wp\/v2\/tags?post=102127"}],"curies":[{"name":"wp","href":"https:\/\/api.w.org\/{rel}","templated":true}]}}