{"id":102150,"date":"2019-08-18T18:20:16","date_gmt":"2019-08-18T16:20:16","guid":{"rendered":"https:\/\/zjarr.tv\/?p=102150"},"modified":"2019-08-18T15:26:12","modified_gmt":"2019-08-18T13:26:12","slug":"kerkohet-ndryshimi-i-kushtetutes-presidenti-i-kosoves-te-zgjidhet-nga-vota-e-popullit","status":"publish","type":"post","link":"https:\/\/zjarr.tv\/sq\/kerkohet-ndryshimi-i-kushtetutes-presidenti-i-kosoves-te-zgjidhet-nga-vota-e-popullit\/","title":{"rendered":"K\u00ebrkohet ndryshimi i Kushtetut\u00ebs, presidenti i Kosov\u00ebs t\u00eb zgjidhet nga vota e popullit"},"content":{"rendered":"<p><strong>Kosova aktualisht \u00ebsht\u00eb Republik\u00eb Parlamentare, ku vendimet m\u00eb t\u00eb m\u00ebdha merren n\u00eb Kuvend dhe Qeveri, p\u00ebrfshir\u00eb edhe zgjedhja e vet\u00eb Presidentit t\u00eb vendit.<\/strong><\/p>\n<p>11 vjet pas hyrjes n\u00eb fuqi t\u00eb Kushtetut\u00ebs s\u00eb Kosov\u00ebs, ende k\u00ebrkohet t\u00eb ket\u00eb ndryshim t\u00eb saj.<\/p>\n<p>Ky ndryshim k\u00ebrkohet t\u00eb p\u00ebrfshij\u00eb edhe m\u00ebnyr\u00ebn e zgjedhjes s\u00eb Presidentit t\u00eb vendit.<\/p>\n<p>Analist\u00ebt politik\u00eb thon\u00eb se Presidenti duhet t\u00eb zgjidhet nga vota e popullit, n\u00eb m\u00ebnyr\u00eb q\u00eb t\u00eb ket\u00eb rol unifikues.<\/p>\n<p>Analisti politik, Belul Beqaj, thot\u00eb se populli i Kosov\u00ebs ka arritur nivelin e vet\u00ebdijes p\u00ebr t\u00eb zgjedhur vet\u00eb presidentin e vendit.<\/p>\n<p>&nbsp;<\/p>\n<p>\u201cNisur nga praktika q\u00eb ka d\u00ebshmuar se rreth presidentit po zhvillohen taktizime t\u00eb cilat kan\u00eb synim vet\u00ebm p\u00ebrfitimin politik t\u00eb atyre q\u00eb b\u00ebjn\u00eb taktizime, jo t\u00eb interesave t\u00eb mir\u00ebfillta t\u00eb qytetarit, konsideroj se jan\u00eb pjekur rrethanat q\u00eb t\u00eb mendohet p\u00ebr ndryshimin e kushtetut\u00ebs. N\u00ebse krahasojm\u00eb taktizimet e partive politike dhe interesat e mir\u00ebfillta t\u00eb qytetar\u00ebve, pavar\u00ebsisht se n\u00eb cilin nivel t\u00eb vet\u00ebdijes politike jan\u00eb qytetar\u00ebt, konsideroj se \u00ebsht\u00eb m\u00eb mir\u00eb t\u00eb i japim p\u00ebrpar\u00ebsi qytetarit dhe \u00e7\u00ebshtja e Presidentit t\u00eb Republik\u00ebs t\u00eb jet\u00eb n\u00eb duar t\u00eb qytetarit, se sa n\u00eb duar t\u00eb partive politike q\u00eb taktizojn\u00eb p\u00ebr shkak t\u00eb p\u00ebrfitimeve t\u00eb tyre e jo n\u00eb interes t\u00eb qytetarit\u201d, tha ai, p\u00ebr Ekonomia Online.<\/p>\n<p>Beqaj thot\u00eb se presidenti duhet t\u00eb jet\u00eb n\u00eb sh\u00ebrbim t\u00eb vet\u00eb qytetar\u00ebve t\u00eb Kosov\u00ebs dhe jo t\u00eb partive politike q\u00eb e kan\u00eb votuar at\u00eb p\u00ebr president.<\/p>\n<p>\u201cDo t\u2019i shtohen kompetencat e presidentit, por edhe p\u00ebrgjegj\u00ebsit\u00eb dhe besoj se nuk do t\u00eb ket\u00eb mund\u00ebsi aq t\u00eb madhe t\u00eb manovrimit dhe taktizimeve t\u00eb partive politike se sa q\u00eb ka sot dhe besoj se n\u00eb nivel t\u00eb ngritjes edhe t\u00eb vet\u00ebdijes s\u00eb qytetarit por edhe t\u00eb nd\u00ebrgjegjes dhe p\u00ebrgjegj\u00ebsis\u00eb q\u00eb merr kryetari rezultati do t\u00eb jet\u00eb n\u00eb interes t\u00eb Kosov\u00ebs dhe definitivisht presidenti duhet t\u00eb jet\u00eb n\u00eb sh\u00ebrbim t\u00eb tyre dhe jo t\u00eb partive q\u00eb e kan\u00eb zgjedh\u00eb\u201d, shtoi Beqaj.<\/p>\n<p>Po ashtu, Profesori Universitar, Mazllum Baraliu, thot\u00eb se zgjedhja e Presidentit nga vet\u00eb populli \u00ebsht\u00eb m\u00eb demokratike dhe k\u00ebshtu Presidenti do t\u00eb kishte m\u00eb shum\u00eb legjitimitet. Ai thot\u00eb se kompetencat do t\u00eb shtohen, por do t\u00eb jen\u00eb edhe t\u00eb kufizuara.<\/p>\n<p>\u201c\u00cbsht\u00eb m\u00eb demokratike, legjitime dhe m\u00eb me influenc\u00eb m\u00ebnyra e zgjedhjes s\u00eb Presidentit n\u00eb m\u00ebnyr\u00eb t\u00eb drejtp\u00ebrdrejt\u00eb nga qytetar\u00ebt, at\u00ebher\u00eb fiton legjitimitet m\u00eb shum\u00eb, pamund\u00ebsohet q\u00eb subjektet politike n\u00eb Parlament t\u00eb b\u00ebjn\u00eb ndonj\u00ebher\u00eb edhe gjimnastika politike p\u00ebr t\u00eb penguar dik\u00eb q\u00eb t\u00eb zgjidhet President dhe ka legjitimitet m\u00eb shum\u00eb Presidenti sepse ka vot\u00ebn e drejtp\u00ebrdrejt\u00eb e dim\u00eb sa ka vot\u00eb nga qytetari\u201d, thot\u00eb Baraliu.<\/p>\n<p>\u201cKompetencat e presidentit tani jan\u00eb t\u00eb rregulluara me nenin 84 t\u00eb Kushtetut\u00ebs s\u00eb Kosov\u00ebs, at\u00ebher\u00eb do duhej t\u00eb ishin rreth 30 kompetenca, kompetenca t\u00eb zgjeruara ose jo, por do t\u00eb rregulloheshin edhe mekanizmat kufizues q\u00eb nuk jan\u00eb tani me k\u00ebt\u00eb Kushtetut\u00eb\u201d, tha ai.<\/p>\n<p>Por, ndryshe po mendon Kryetarja e Komisionit p\u00ebr Legjislacion, Albulena Haxhiu.<\/p>\n<p>Ajo thot\u00eb se Kushtetuta e Kosov\u00ebs nuk ka nevoj\u00eb p\u00ebr nj\u00eb nd\u00ebrhyrje t\u00eb till\u00eb, sepse \u00ebsht\u00eb Republike Parlamentare dhe jo Presidenciale.<\/p>\n<p>\u201cBesoj se Kosova \u00ebsht\u00eb drejt e orientuar dhe e specifikuar me Kushtetut\u00eb si Republik\u00eb Parlamentare, n\u00eb qoft\u00eb se do ta kishim Republik\u00ebn Presidenciale, pastaj do t\u00eb n\u00ebnkuptonte q\u00eb zgjidhet Presidenti nga populli. Besoj se kompetencat e Qeveris\u00eb, Kuvendit, e Presidentit jan\u00eb t\u00eb qarta n\u00eb Kushtetut\u00eb dhe besoj se k\u00ebtu nuk do duhej q\u00eb t\u00eb kishte nd\u00ebrhyrje apo ndryshime\u201d, thot\u00eb Haxhiu, p\u00ebr EO.<\/p>\n<p>Ajo thot\u00eb se Presidenti i Kosov\u00ebs nuk duhet t\u00eb ket\u00eb m\u00eb shum\u00eb kompetenca se aq, pasi q\u00eb do t\u00eb viheshin n\u00eb rrezik \u00e7\u00ebshtje t\u00eb r\u00ebnd\u00ebsishme p\u00ebr vendin, si\u00e7 ishte ajo shk\u00ebmbimit territorial.<\/p>\n<p>\u201cNe kemi pasur problem me emrat e p\u00ebrve\u00e7\u00ebm q\u00eb kan\u00eb qen\u00eb president, kemi pasur problem, e sidomos tani me presidentin Tha\u00e7i ku n\u00eb m\u00ebnyr\u00eb arbitrare jokushtetuese merr p\u00ebrsip\u00ebr q\u00eb t\u00eb qoj p\u00ebrpara idet\u00eb e rrezikshme sa i p\u00ebrket shk\u00ebmbimit territorial, por besoj se kjo nuk \u00ebsht\u00eb arsye p\u00ebr t\u00eb hyr\u00eb ndryshime q\u00eb ta zgjedhim presidentin nga qytetar\u00ebt e Kosov\u00ebs\u201d, shtoi Haxhiu.<\/p>\n<p>Sipas rregullores s\u00eb Kuvendit, zgjedhja e Presidentit b\u00ebhet me dy t\u00eb tretat (2\/3) e votave t\u00eb t\u00eb gjith\u00eb deputet\u00ebve.<\/p>\n<p>N\u00ebse do t\u00eb ket\u00eb ndryshim t\u00eb Kushtetut\u00ebs dhe zgjedhja e Presidentit b\u00ebhet drejtp\u00ebrdrejt nga populli, at\u00ebher\u00eb Presidenti pritet t\u00eb marr\u00eb kompetenca shtes\u00eb, q\u00eb e b\u00ebn sistemin gjysm\u00eb-presidencial apo presidencial, var\u00ebsisht ndryshimeve q\u00eb aprovohen.<\/p>\n","protected":false},"excerpt":{"rendered":"<p>Kosova aktualisht \u00ebsht\u00eb Republik\u00eb Parlamentare, ku vendimet m\u00eb t\u00eb m\u00ebdha merren n\u00eb Kuvend dhe Qeveri, p\u00ebrfshir\u00eb edhe zgjedhja e vet\u00eb Presidentit t\u00eb vendit. 11 vjet pas hyrjes n\u00eb fuqi t\u00eb Kushtetut\u00ebs s\u00eb Kosov\u00ebs, ende k\u00ebrkohet t\u00eb ket\u00eb ndryshim t\u00eb saj. Ky ndryshim k\u00ebrkohet t\u00eb p\u00ebrfshij\u00eb edhe m\u00ebnyr\u00ebn e zgjedhjes s\u00eb Presidentit t\u00eb vendit. Analist\u00ebt politik\u00eb [&hellip;]<\/p>\n","protected":false},"author":2013,"featured_media":69702,"comment_status":"open","ping_status":"closed","sticky":false,"template":"","format":"standard","meta":{"footnotes":""},"categories":[241,2],"tags":[],"class_list":{"0":"post-102150","1":"post","2":"type-post","3":"status-publish","4":"format-standard","5":"has-post-thumbnail","7":"category-aktualitet","8":"category-rajoni"},"_links":{"self":[{"href":"https:\/\/zjarr.tv\/sq\/wp-json\/wp\/v2\/posts\/102150","targetHints":{"allow":["GET"]}}],"collection":[{"href":"https:\/\/zjarr.tv\/sq\/wp-json\/wp\/v2\/posts"}],"about":[{"href":"https:\/\/zjarr.tv\/sq\/wp-json\/wp\/v2\/types\/post"}],"author":[{"embeddable":true,"href":"https:\/\/zjarr.tv\/sq\/wp-json\/wp\/v2\/users\/2013"}],"replies":[{"embeddable":true,"href":"https:\/\/zjarr.tv\/sq\/wp-json\/wp\/v2\/comments?post=102150"}],"version-history":[{"count":0,"href":"https:\/\/zjarr.tv\/sq\/wp-json\/wp\/v2\/posts\/102150\/revisions"}],"wp:featuredmedia":[{"embeddable":true,"href":"https:\/\/zjarr.tv\/sq\/wp-json\/wp\/v2\/media\/69702"}],"wp:attachment":[{"href":"https:\/\/zjarr.tv\/sq\/wp-json\/wp\/v2\/media?parent=102150"}],"wp:term":[{"taxonomy":"category","embeddable":true,"href":"https:\/\/zjarr.tv\/sq\/wp-json\/wp\/v2\/categories?post=102150"},{"taxonomy":"post_tag","embeddable":true,"href":"https:\/\/zjarr.tv\/sq\/wp-json\/wp\/v2\/tags?post=102150"}],"curies":[{"name":"wp","href":"https:\/\/api.w.org\/{rel}","templated":true}]}}