{"id":102152,"date":"2019-08-18T15:27:07","date_gmt":"2019-08-18T13:27:07","guid":{"rendered":"https:\/\/zjarr.tv\/?p=102152"},"modified":"2019-08-18T15:27:07","modified_gmt":"2019-08-18T13:27:07","slug":"rama-prezanton-projektin-e-ri-per-saranden-dhe-tregon-kur-nis-puna","status":"publish","type":"post","link":"https:\/\/zjarr.tv\/sq\/rama-prezanton-projektin-e-ri-per-saranden-dhe-tregon-kur-nis-puna\/","title":{"rendered":"Rama prezanton projektin e ri p\u00ebr Sarand\u00ebn dhe tregon kur nis puna"},"content":{"rendered":"<p><strong>N\u00eb muajin shtator do t\u00eb nis\u00eb projekti p\u00ebr vij\u00ebn bregdetare t\u00eb Sarand\u00ebs.<\/strong><\/p>\n<p>Kryeministri Edi Rama shkruan se kan\u00eb p\u00ebrfunduar procedurat, nd\u00ebrsa publikon edhe disa foto t\u00eb projektit.<\/p>\n<p>\u201cSapo ka p\u00ebrfunduar procedura dhe nis n\u00eb shtator puna, p\u00ebr projektin e vij\u00ebs bregdetare t\u00eb Sarand\u00ebs. Nj\u00ebsoj si\u00e7 Lungomarja transformoi Vlor\u00ebn, ky investim do t\u00eb ndryshoj\u00eb faqen e Sarand\u00ebs turistike\u201d, shkruan ai.<\/p>\n","protected":false},"excerpt":{"rendered":"<p>N\u00eb muajin shtator do t\u00eb nis\u00eb projekti p\u00ebr vij\u00ebn bregdetare t\u00eb Sarand\u00ebs. Kryeministri Edi Rama shkruan se kan\u00eb p\u00ebrfunduar procedurat, nd\u00ebrsa publikon edhe disa foto t\u00eb projektit. \u201cSapo ka p\u00ebrfunduar procedura dhe nis n\u00eb shtator puna, p\u00ebr projektin e vij\u00ebs bregdetare t\u00eb Sarand\u00ebs. Nj\u00ebsoj si\u00e7 Lungomarja transformoi Vlor\u00ebn, ky investim do t\u00eb ndryshoj\u00eb faqen e [&hellip;]<\/p>\n","protected":false},"author":2013,"featured_media":102153,"comment_status":"open","ping_status":"closed","sticky":false,"template":"","format":"standard","meta":{"footnotes":""},"categories":[241,235],"tags":[],"class_list":{"0":"post-102152","1":"post","2":"type-post","3":"status-publish","4":"format-standard","5":"has-post-thumbnail","7":"category-aktualitet","8":"category-vendi"},"_links":{"self":[{"href":"https:\/\/zjarr.tv\/sq\/wp-json\/wp\/v2\/posts\/102152","targetHints":{"allow":["GET"]}}],"collection":[{"href":"https:\/\/zjarr.tv\/sq\/wp-json\/wp\/v2\/posts"}],"about":[{"href":"https:\/\/zjarr.tv\/sq\/wp-json\/wp\/v2\/types\/post"}],"author":[{"embeddable":true,"href":"https:\/\/zjarr.tv\/sq\/wp-json\/wp\/v2\/users\/2013"}],"replies":[{"embeddable":true,"href":"https:\/\/zjarr.tv\/sq\/wp-json\/wp\/v2\/comments?post=102152"}],"version-history":[{"count":0,"href":"https:\/\/zjarr.tv\/sq\/wp-json\/wp\/v2\/posts\/102152\/revisions"}],"wp:featuredmedia":[{"embeddable":true,"href":"https:\/\/zjarr.tv\/sq\/wp-json\/wp\/v2\/media\/102153"}],"wp:attachment":[{"href":"https:\/\/zjarr.tv\/sq\/wp-json\/wp\/v2\/media?parent=102152"}],"wp:term":[{"taxonomy":"category","embeddable":true,"href":"https:\/\/zjarr.tv\/sq\/wp-json\/wp\/v2\/categories?post=102152"},{"taxonomy":"post_tag","embeddable":true,"href":"https:\/\/zjarr.tv\/sq\/wp-json\/wp\/v2\/tags?post=102152"}],"curies":[{"name":"wp","href":"https:\/\/api.w.org\/{rel}","templated":true}]}}