{"id":102159,"date":"2019-08-18T18:00:52","date_gmt":"2019-08-18T16:00:52","guid":{"rendered":"https:\/\/zjarr.tv\/?p=102159"},"modified":"2019-08-18T15:29:29","modified_gmt":"2019-08-18T13:29:29","slug":"zyrtaret-e-ambasades-amerikane-vazhdojne-eksplorimin-e-kosoves-vizitojne-gjeravicen","status":"publish","type":"post","link":"https:\/\/zjarr.tv\/sq\/zyrtaret-e-ambasades-amerikane-vazhdojne-eksplorimin-e-kosoves-vizitojne-gjeravicen\/","title":{"rendered":"Zyrtar\u00ebt e Ambasad\u00ebs amerikane vazhdojn\u00eb eksplorimin e Kosov\u00ebs, vizitojn\u00eb Gjeravic\u00ebn"},"content":{"rendered":"<p><strong>Ambasada amerikane po vazhdon q\u00eb \u00e7do t\u00eb shtune t\u00eb vizitoj\u00eb bukurit\u00eb natyrore t\u00eb Kosov\u00ebs.<\/strong><\/p>\n<p>Gjat\u00eb dit\u00ebs s\u00eb djeshme, pun\u00ebtor\u00eb nga ambasada vizituan Gjeravic\u00ebn<\/p>\n<p>Po ashtu ata vizituan muralin shum\u00ebngjyr\u00ebsh q\u00eb \u00ebsht\u00eb i krijuar nga rinjt\u00eb n\u00eb Pej\u00eb.<\/p>\n<p>\u201cNjer\u00ebzit nga ambasada vizituan dje p\u00ebrshkruan Gjeravic\u00ebn, maja e dyt\u00eb m\u00eb e lart\u00eb n\u00eb Kosov\u00eb. Kaq shum\u00eb p\u00ebr t\u00eb eksploruar n\u00eb Kosov\u00ebn e bukur. Ata gjithashtu vizituan muralin shum\u00ebngjyr\u00ebsh t\u00eb krijuar nga t\u00eb rinjt\u00eb n\u00eb Pej\u00eb si pjes\u00eb e \u201cKosova, vendimi im, udh\u00ebtimi im\u201d, t\u00eb mb\u00ebshtetur nga USAID.\u201d, thuhej n\u00eb postimin e ambasad\u00ebs.<\/p>\n","protected":false},"excerpt":{"rendered":"<p>Ambasada amerikane po vazhdon q\u00eb \u00e7do t\u00eb shtune t\u00eb vizitoj\u00eb bukurit\u00eb natyrore t\u00eb Kosov\u00ebs. Gjat\u00eb dit\u00ebs s\u00eb djeshme, pun\u00ebtor\u00eb nga ambasada vizituan Gjeravic\u00ebn Po ashtu ata vizituan muralin shum\u00ebngjyr\u00ebsh q\u00eb \u00ebsht\u00eb i krijuar nga rinjt\u00eb n\u00eb Pej\u00eb. \u201cNjer\u00ebzit nga ambasada vizituan dje p\u00ebrshkruan Gjeravic\u00ebn, maja e dyt\u00eb m\u00eb e lart\u00eb n\u00eb Kosov\u00eb. Kaq shum\u00eb p\u00ebr [&hellip;]<\/p>\n","protected":false},"author":2013,"featured_media":102160,"comment_status":"open","ping_status":"closed","sticky":false,"template":"","format":"standard","meta":{"footnotes":""},"categories":[241,2],"tags":[],"class_list":{"0":"post-102159","1":"post","2":"type-post","3":"status-publish","4":"format-standard","5":"has-post-thumbnail","7":"category-aktualitet","8":"category-rajoni"},"_links":{"self":[{"href":"https:\/\/zjarr.tv\/sq\/wp-json\/wp\/v2\/posts\/102159","targetHints":{"allow":["GET"]}}],"collection":[{"href":"https:\/\/zjarr.tv\/sq\/wp-json\/wp\/v2\/posts"}],"about":[{"href":"https:\/\/zjarr.tv\/sq\/wp-json\/wp\/v2\/types\/post"}],"author":[{"embeddable":true,"href":"https:\/\/zjarr.tv\/sq\/wp-json\/wp\/v2\/users\/2013"}],"replies":[{"embeddable":true,"href":"https:\/\/zjarr.tv\/sq\/wp-json\/wp\/v2\/comments?post=102159"}],"version-history":[{"count":0,"href":"https:\/\/zjarr.tv\/sq\/wp-json\/wp\/v2\/posts\/102159\/revisions"}],"wp:featuredmedia":[{"embeddable":true,"href":"https:\/\/zjarr.tv\/sq\/wp-json\/wp\/v2\/media\/102160"}],"wp:attachment":[{"href":"https:\/\/zjarr.tv\/sq\/wp-json\/wp\/v2\/media?parent=102159"}],"wp:term":[{"taxonomy":"category","embeddable":true,"href":"https:\/\/zjarr.tv\/sq\/wp-json\/wp\/v2\/categories?post=102159"},{"taxonomy":"post_tag","embeddable":true,"href":"https:\/\/zjarr.tv\/sq\/wp-json\/wp\/v2\/tags?post=102159"}],"curies":[{"name":"wp","href":"https:\/\/api.w.org\/{rel}","templated":true}]}}