{"id":102357,"date":"2019-08-20T11:02:43","date_gmt":"2019-08-20T09:02:43","guid":{"rendered":"https:\/\/zjarr.tv\/?p=102357"},"modified":"2019-08-20T11:02:43","modified_gmt":"2019-08-20T09:02:43","slug":"rasti-reket-prokurorja-speciale-nis-perballjen-me-drejtesine","status":"publish","type":"post","link":"https:\/\/zjarr.tv\/sq\/rasti-reket-prokurorja-speciale-nis-perballjen-me-drejtesine\/","title":{"rendered":"Rasti \u201cReket\u201d, Prokurorja Speciale nis p\u00ebrballjen me drejt\u00ebsin\u00eb"},"content":{"rendered":"<p>Kryeprokurorja speciale, Katica Janeva do paraqitet sot tek prokurorja Villma Ruskoska n\u00eb Prokurorin\u00eb p\u00ebr Krim t\u00eb Organizuar n\u00eb lidhje me rastin \u201cReket\u201d.<\/p>\n<p>Ajo do t\u2019u p\u00ebrgjigjet disa pyetjeve, t\u00eb cilat hap\u00ebn debat t\u00eb fort\u00eb n\u00eb Maqedonin\u00eb e Veriut n\u00eb lidhje me videon e publikuar nga gazeta italiane \u201cLa Verita\u201d, ku p\u00ebr zhvatje t\u00eb biznesmen\u00ebve jan\u00eb t\u00eb akuzuar Bojan Jovanovski\u2013Boki 13 dhe Zoran Mileski- Zoki Ki\u00e7eec.<\/p>\n<p>N\u00eb materialet\u00a0 e publikuara audio nga gazeta italiane \u201cLa Verita\u201d d\u00ebgjohet z\u00ebri i saj kur i thot\u00eb biznesmenit Kam\u00e7ev se \u201c\u00e7do gj\u00eb do t\u00eb jet\u00eb n\u00eb rregull\u201d.<\/p>\n<p>Deri m\u00eb tani p\u00ebr rastin \u201cReket\u201d nga PSP-ja kan\u00eb d\u00ebshmuar prokuror\u00ebt, Lile Stefanova, Burim Rustemi dhe Elizabeta Josifoska.<\/p>\n","protected":false},"excerpt":{"rendered":"<p>Kryeprokurorja speciale, Katica Janeva do paraqitet sot tek prokurorja Villma Ruskoska n\u00eb Prokurorin\u00eb p\u00ebr Krim t\u00eb Organizuar n\u00eb lidhje me rastin \u201cReket\u201d. Ajo do t\u2019u p\u00ebrgjigjet disa pyetjeve, t\u00eb cilat hap\u00ebn debat t\u00eb fort\u00eb n\u00eb Maqedonin\u00eb e Veriut n\u00eb lidhje me videon e publikuar nga gazeta italiane \u201cLa Verita\u201d, ku p\u00ebr zhvatje t\u00eb biznesmen\u00ebve jan\u00eb [&hellip;]<\/p>\n","protected":false},"author":4,"featured_media":101099,"comment_status":"open","ping_status":"closed","sticky":false,"template":"","format":"standard","meta":{"footnotes":""},"categories":[241,231,235],"tags":[],"class_list":{"0":"post-102357","1":"post","2":"type-post","3":"status-publish","4":"format-standard","5":"has-post-thumbnail","7":"category-aktualitet","8":"category-lajme","9":"category-vendi"},"_links":{"self":[{"href":"https:\/\/zjarr.tv\/sq\/wp-json\/wp\/v2\/posts\/102357","targetHints":{"allow":["GET"]}}],"collection":[{"href":"https:\/\/zjarr.tv\/sq\/wp-json\/wp\/v2\/posts"}],"about":[{"href":"https:\/\/zjarr.tv\/sq\/wp-json\/wp\/v2\/types\/post"}],"author":[{"embeddable":true,"href":"https:\/\/zjarr.tv\/sq\/wp-json\/wp\/v2\/users\/4"}],"replies":[{"embeddable":true,"href":"https:\/\/zjarr.tv\/sq\/wp-json\/wp\/v2\/comments?post=102357"}],"version-history":[{"count":0,"href":"https:\/\/zjarr.tv\/sq\/wp-json\/wp\/v2\/posts\/102357\/revisions"}],"wp:featuredmedia":[{"embeddable":true,"href":"https:\/\/zjarr.tv\/sq\/wp-json\/wp\/v2\/media\/101099"}],"wp:attachment":[{"href":"https:\/\/zjarr.tv\/sq\/wp-json\/wp\/v2\/media?parent=102357"}],"wp:term":[{"taxonomy":"category","embeddable":true,"href":"https:\/\/zjarr.tv\/sq\/wp-json\/wp\/v2\/categories?post=102357"},{"taxonomy":"post_tag","embeddable":true,"href":"https:\/\/zjarr.tv\/sq\/wp-json\/wp\/v2\/tags?post=102357"}],"curies":[{"name":"wp","href":"https:\/\/api.w.org\/{rel}","templated":true}]}}