{"id":102379,"date":"2019-08-20T12:16:35","date_gmt":"2019-08-20T10:16:35","guid":{"rendered":"https:\/\/zjarr.tv\/?p=102379"},"modified":"2019-08-20T12:16:35","modified_gmt":"2019-08-20T10:16:35","slug":"stakim-energjie-me-21-gusht-ne-gjysmen-e-tiranes-ja-zonat-qe-do-te-preken","status":"publish","type":"post","link":"https:\/\/zjarr.tv\/sq\/stakim-energjie-me-21-gusht-ne-gjysmen-e-tiranes-ja-zonat-qe-do-te-preken\/","title":{"rendered":"Stakim energjie m\u00eb 21 gusht n\u00eb gjysm\u00ebn e Tiran\u00ebs, ja zonat q\u00eb do t\u00eb preken"},"content":{"rendered":"<p>OSHEE njftoi se nes\u00ebr, m\u00eb\u00a021 gusht, e m\u00ebrkur\u00eb,\u00a0do t\u00eb punoj\u00eb n\u00eb\u00a0disa kabina\u00a0dhe p\u00ebr pasoj\u00eb do\u00a0t\u00eb stakoj\u00eb energjin\u00ebn\u00eb zonat dhe oraret si vijon:<\/p>\n<p>9.00-15.00 \/ pjes\u00ebrisht rrug\u00ebt \u201cAli Demi\u201d, \u201cXhanfize Keko\u201d pran\u00eb shkoll\u00ebs \u201cHasan Prishtina\u201d, \u201cMine Peza\u201d, \u201cRruga Fortuzi\u201d, \u201c5 Maji\u201d, \u201cD\u00ebshmoret e 4 Shkurtit\u201d dhe \u201cBrigada VIII\u201d<\/p>\n<p>9:00-15:00 \/ Daias, Gurr\u00eb e Madhe dhe e Vog\u00ebl, Mullet, Barbas dhe Lundra pjes\u00ebrisht<\/p>\n<div id=\"rekl-13\">\n<div id=\"__sap-ad-15\" class=\"__sap-ads __sap-html tracked\" data-title=\"Credins desktop 08\"><ins><\/p>\n<div id=\"beacon_2e5ec2c4d4\"><img loading=\"lazy\" decoding=\"async\" src=\"https:\/\/ads1.medium.al\/www\/delivery\/lg.php?bannerid=373&amp;campaignid=48&amp;zoneid=182&amp;loc=https%3A%2F%2Fwww.syri.net%2Fsociale%2F275087%2Fstakim-energjie-me-21-gusht-ne-gjysmen-e-tiranes-ja-zonat-qe-do-te-preken%2F&amp;referer=https%3A%2F%2Fwww.syri.net%2Flajme%2F&amp;cb=2e5ec2c4d4\" alt=\"\" width=\"0\" height=\"0\" \/><\/div>\n<p><\/ins><\/div>\n<\/div>\n<p>9:00-11:00 \/ Fush\u00eb M\u00ebzez pjes\u00ebrisht<br \/>\n11:00-13:00 \/ Fush\u00eb Yzberisht pjes\u00ebrisht<br \/>\n13:00-15:00 \/ Fush\u00eb M\u00ebzez pjes\u00ebrisht<\/p>\n","protected":false},"excerpt":{"rendered":"<p>OSHEE njftoi se nes\u00ebr, m\u00eb\u00a021 gusht, e m\u00ebrkur\u00eb,\u00a0do t\u00eb punoj\u00eb n\u00eb\u00a0disa kabina\u00a0dhe p\u00ebr pasoj\u00eb do\u00a0t\u00eb stakoj\u00eb energjin\u00ebn\u00eb zonat dhe oraret si vijon: 9.00-15.00 \/ pjes\u00ebrisht rrug\u00ebt \u201cAli Demi\u201d, \u201cXhanfize Keko\u201d pran\u00eb shkoll\u00ebs \u201cHasan Prishtina\u201d, \u201cMine Peza\u201d, \u201cRruga Fortuzi\u201d, \u201c5 Maji\u201d, \u201cD\u00ebshmoret e 4 Shkurtit\u201d dhe \u201cBrigada VIII\u201d 9:00-15:00 \/ Daias, Gurr\u00eb e Madhe dhe e [&hellip;]<\/p>\n","protected":false},"author":2013,"featured_media":53743,"comment_status":"open","ping_status":"closed","sticky":false,"template":"","format":"standard","meta":{"footnotes":""},"categories":[241,235],"tags":[],"class_list":{"0":"post-102379","1":"post","2":"type-post","3":"status-publish","4":"format-standard","5":"has-post-thumbnail","7":"category-aktualitet","8":"category-vendi"},"_links":{"self":[{"href":"https:\/\/zjarr.tv\/sq\/wp-json\/wp\/v2\/posts\/102379","targetHints":{"allow":["GET"]}}],"collection":[{"href":"https:\/\/zjarr.tv\/sq\/wp-json\/wp\/v2\/posts"}],"about":[{"href":"https:\/\/zjarr.tv\/sq\/wp-json\/wp\/v2\/types\/post"}],"author":[{"embeddable":true,"href":"https:\/\/zjarr.tv\/sq\/wp-json\/wp\/v2\/users\/2013"}],"replies":[{"embeddable":true,"href":"https:\/\/zjarr.tv\/sq\/wp-json\/wp\/v2\/comments?post=102379"}],"version-history":[{"count":0,"href":"https:\/\/zjarr.tv\/sq\/wp-json\/wp\/v2\/posts\/102379\/revisions"}],"wp:featuredmedia":[{"embeddable":true,"href":"https:\/\/zjarr.tv\/sq\/wp-json\/wp\/v2\/media\/53743"}],"wp:attachment":[{"href":"https:\/\/zjarr.tv\/sq\/wp-json\/wp\/v2\/media?parent=102379"}],"wp:term":[{"taxonomy":"category","embeddable":true,"href":"https:\/\/zjarr.tv\/sq\/wp-json\/wp\/v2\/categories?post=102379"},{"taxonomy":"post_tag","embeddable":true,"href":"https:\/\/zjarr.tv\/sq\/wp-json\/wp\/v2\/tags?post=102379"}],"curies":[{"name":"wp","href":"https:\/\/api.w.org\/{rel}","templated":true}]}}