{"id":102381,"date":"2019-08-20T12:17:21","date_gmt":"2019-08-20T10:17:21","guid":{"rendered":"https:\/\/zjarr.tv\/?p=102381"},"modified":"2019-08-20T12:17:21","modified_gmt":"2019-08-20T10:17:21","slug":"nis-sot-pelegrinazhi-ne-malin-e-tomorrit-mijera-njerez-drejt-teqese-se-kulmakut","status":"publish","type":"post","link":"https:\/\/zjarr.tv\/sq\/nis-sot-pelegrinazhi-ne-malin-e-tomorrit-mijera-njerez-drejt-teqese-se-kulmakut\/","title":{"rendered":"Nis sot pelegrinazhi n\u00eb malin e Tomorrit, mij\u00ebra njer\u00ebz drejt Teqes\u00eb s\u00eb Kulmakut"},"content":{"rendered":"<p>Data 20 gusht sh\u00ebnon nisjen e pelegrinazhit drejt malit t\u00eb Tomorrit, nj\u00eb mal i konsideruar \u201ci shenjt\u00eb\u201d pasi n\u00eb t\u00eb prehet shenjtori i familjes s\u00eb Profetit Muhamed, Abaz Aliu.<\/p>\n<p>Festa e Shenjt\u00eb e Bektashinjve organizohet nga 20-25 Gusht dhe mbledh \u00e7do vit n\u00eb Teqen\u00eb e Kulmakut pelegrin\u00eb nga e gjith\u00eb Shqip\u00ebria dhe jo vet\u00ebm.<\/p>\n<p>Mij\u00ebra pelgrin\u00eb udh\u00ebtojn\u00eb drejt Teqes\u00eb s\u00eb Kulmakut p\u00ebr t\u00eb kremtuar fest\u00ebn e Baba Tomorrit n\u00ebn ritmet fetare t\u00eb bektashinjve, pavar\u00ebsisht besimeve fetare q\u00eb i p\u00ebrkasin.<\/p>\n<div id=\"rekl-13\">\n<div id=\"__sap-ad-15\" class=\"__sap-ads __sap-html tracked\" data-title=\"Credins desktop 08\"><ins><\/p>\n<div id=\"beacon_6cc37616a1\"><img loading=\"lazy\" decoding=\"async\" src=\"https:\/\/ads1.medium.al\/www\/delivery\/lg.php?bannerid=373&amp;campaignid=48&amp;zoneid=182&amp;loc=https%3A%2F%2Fwww.syri.net%2Fsociale%2F275067%2Fnis-sot-pelegrinazhi-ne-malin-e-tomorrit-mijera-njerez-drejt-teqese-se-kulmakut%2F&amp;referer=https%3A%2F%2Fwww.syri.net%2Flajme%2F&amp;cb=6cc37616a1\" alt=\"\" width=\"0\" height=\"0\" \/><\/div>\n<p><\/ins><\/div>\n<\/div>\n<p>T\u00eb gjith\u00eb besimtar\u00ebt dhe pelegrin\u00ebt q\u00eb i bashkohen k\u00ebsaj feste t\u00eb shenjt\u00eb, n\u00eb shenj\u00eb mir\u00ebsie b\u00ebjn\u00eb kurban nj\u00eb qengj p\u00ebr veten dhe familjen.<\/p>\n","protected":false},"excerpt":{"rendered":"<p>Data 20 gusht sh\u00ebnon nisjen e pelegrinazhit drejt malit t\u00eb Tomorrit, nj\u00eb mal i konsideruar \u201ci shenjt\u00eb\u201d pasi n\u00eb t\u00eb prehet shenjtori i familjes s\u00eb Profetit Muhamed, Abaz Aliu. Festa e Shenjt\u00eb e Bektashinjve organizohet nga 20-25 Gusht dhe mbledh \u00e7do vit n\u00eb Teqen\u00eb e Kulmakut pelegrin\u00eb nga e gjith\u00eb Shqip\u00ebria dhe jo vet\u00ebm. Mij\u00ebra [&hellip;]<\/p>\n","protected":false},"author":2013,"featured_media":102382,"comment_status":"open","ping_status":"closed","sticky":false,"template":"","format":"standard","meta":{"footnotes":""},"categories":[241],"tags":[],"class_list":{"0":"post-102381","1":"post","2":"type-post","3":"status-publish","4":"format-standard","5":"has-post-thumbnail","7":"category-aktualitet"},"_links":{"self":[{"href":"https:\/\/zjarr.tv\/sq\/wp-json\/wp\/v2\/posts\/102381","targetHints":{"allow":["GET"]}}],"collection":[{"href":"https:\/\/zjarr.tv\/sq\/wp-json\/wp\/v2\/posts"}],"about":[{"href":"https:\/\/zjarr.tv\/sq\/wp-json\/wp\/v2\/types\/post"}],"author":[{"embeddable":true,"href":"https:\/\/zjarr.tv\/sq\/wp-json\/wp\/v2\/users\/2013"}],"replies":[{"embeddable":true,"href":"https:\/\/zjarr.tv\/sq\/wp-json\/wp\/v2\/comments?post=102381"}],"version-history":[{"count":0,"href":"https:\/\/zjarr.tv\/sq\/wp-json\/wp\/v2\/posts\/102381\/revisions"}],"wp:featuredmedia":[{"embeddable":true,"href":"https:\/\/zjarr.tv\/sq\/wp-json\/wp\/v2\/media\/102382"}],"wp:attachment":[{"href":"https:\/\/zjarr.tv\/sq\/wp-json\/wp\/v2\/media?parent=102381"}],"wp:term":[{"taxonomy":"category","embeddable":true,"href":"https:\/\/zjarr.tv\/sq\/wp-json\/wp\/v2\/categories?post=102381"},{"taxonomy":"post_tag","embeddable":true,"href":"https:\/\/zjarr.tv\/sq\/wp-json\/wp\/v2\/tags?post=102381"}],"curies":[{"name":"wp","href":"https:\/\/api.w.org\/{rel}","templated":true}]}}