{"id":102385,"date":"2019-08-20T12:19:31","date_gmt":"2019-08-20T10:19:31","guid":{"rendered":"https:\/\/zjarr.tv\/?p=102385"},"modified":"2019-08-20T12:19:31","modified_gmt":"2019-08-20T10:19:31","slug":"manjani-si-ndertoi-edi-rama-shtetin-e-sundimit-ne-vend-te-atij-te-sherbimit","status":"publish","type":"post","link":"https:\/\/zjarr.tv\/sq\/manjani-si-ndertoi-edi-rama-shtetin-e-sundimit-ne-vend-te-atij-te-sherbimit\/","title":{"rendered":"Manjani: Si nd\u00ebrtoi Edi Rama shtetin e Sundimit, n\u00eb vend t\u00eb atij t\u00eb Sh\u00ebrbimit!"},"content":{"rendered":"<p>Ish ministri i Drejt\u00ebsis\u00eb, Ylli Manjani, n\u00ebp\u00ebrmjet nj\u00eb sh\u00ebnimi t\u00eb gjat\u00eb t\u00eb cilin e ka publikuar sot n\u00eb rrjetin social, FB, ka analizuar skem\u00ebn se si Rilindja e Edi Ram\u00ebs ka transformuar shtetin e t\u00eb drejt\u00ebs i cili duhej t\u00eb ishte n\u00eb sh\u00ebrbim t\u00eb qytetar\u00ebve n\u00eb nj\u00eb shtet partiak, q\u00eb ngjall frik\u00eb dhe mbi t\u00eb gjitha sundon mbi jet\u00ebn ekonomin\u00eb dhe lirit\u00eb e njer\u00ebzve.<\/p>\n<p><strong>Sh\u00ebnimi i plot\u00eb i Ylli Manjanit me titull: Rilindja e komunizmit<\/strong><\/p>\n<p>N\u00ebse analizon ftoht\u00eb, pa emocion apo ngarkes\u00eb krah\u00ebsh politik\u00eb, thelbi i qeverisjes s\u00eb Rilindjes ishte:<\/p>\n<p>Kontrolli i individit, v\u00ebnia e tij n\u00ebn var\u00ebsin\u00eb e shtetit.<\/p>\n<div id=\"rekl-13\">\n<div id=\"__sap-ad-15\" class=\"__sap-ads __sap-html tracked\" data-title=\"Credins desktop 08\"><ins><\/p>\n<div id=\"beacon_6dafc197ce\"><img loading=\"lazy\" decoding=\"async\" src=\"https:\/\/ads1.medium.al\/www\/delivery\/lg.php?bannerid=373&amp;campaignid=48&amp;zoneid=182&amp;loc=https%3A%2F%2Fwww.syri.net%2Fpolitike%2F275095%2Fmanjani-si-ndertoi-edi-rama-shtetin-e-sundimit-ne-vend-te-atij-te-sherbimit%2F&amp;referer=https%3A%2F%2Fwww.syri.net%2Flajme%2F&amp;cb=6dafc197ce\" alt=\"\" width=\"0\" height=\"0\" \/>Q\u00eb t\u00eb jemi t\u00eb sinqert\u00eb, n\u00eb 30 vitet e fundit pushteti politik e ka pasur gjithnj\u00eb qejf t\u00eb kontrollonte individin, ve\u00e7an\u00ebrisht individin kund\u00ebrshtar.<\/div>\n<p><\/ins><\/div>\n<\/div>\n<p>Por Rilindja synon m\u00eb shum\u00eb se sa kontrollin. Ajo k\u00ebrkon SUNDIMIN. Fiks si n\u00eb komuniz\u00ebm.<\/p>\n<p>Fakt \u00ebsht\u00eb q\u00eb di\u00e7ka ka arritur Rilindja. Qeverisja e saj vendos p\u00ebr:<\/p>\n<p>-trajtimin e t\u00eb s\u00ebmur\u00ebve, pavar\u00ebsisht spitalit ku shkon;<br \/>\n&#8211; \u00e7far\u00eb m\u00ebsojn\u00eb f\u00ebmij\u00ebt n\u00eb shkolla pavar\u00ebaisht shkoll\u00ebs ku studiojn\u00eb;<br \/>\n&#8211; thellimin m\u00eb shum\u00eb sesa n\u00eb palc\u00eb t\u00eb borxhit publik, pavar\u00ebsisht n\u00ebse paguhet dot mbrapsht apo jo;<br \/>\n&#8211; kush b\u00ebhet i pasur dhe kush kalon n\u00eb varf\u00ebri, dallim q\u00eb sa vjen e thellohet;<br \/>\n&#8211; kujt i merret prona, pavar\u00ebsisht se mund t\u00eb kesh dokument pron\u00ebsie;<br \/>\n&#8211; kujt i jepet tenderi, pavar\u00ebsisht sa i zoti \u00ebsht\u00eb;<br \/>\n&#8211; kujt i hiqet liria, pavar\u00ebsisht sa prova ka p\u00ebr fajsin\u00eb;<br \/>\n&#8211; kujt i llogaritet vota, pavar\u00ebsisht se p\u00ebr k\u00eb \u00ebsht\u00eb votuar;<\/p>\n<p>K\u00ebto jan\u00eb fakte q\u00eb i kemi p\u00ebrjetuar, por nj\u00ebkoh\u00ebsisht dhe provat e dukshme se si pushteti synon t\u00eb sundoj\u00eb njer\u00ebzit.<\/p>\n<p>Mjetet p\u00ebr ti arritur k\u00ebto synime jan\u00eb:<br \/>\n1. Zhvler\u00ebsimi i ligjit, i r\u00ebnd\u00ebsis\u00eb dhe shenjt\u00ebris\u00eb s\u00eb tij.<br \/>\n2. Vendosja e policit mbi \u00e7do institucion tjet\u00ebr.<br \/>\n3. Propagand\u00eb t\u00eb jasht\u00ebzakonshme q\u00eb synon t\u00eb kriminalizoj\u00eb kund\u00ebshtar\u00ebt.<\/p>\n<p>Pasoja \u00ebsht\u00eb e dukshme. Individi sot ndjehet i pa mbrojtur, i survejuar, i trembur dhe i terrorizuar nga shteti, i cili ka n\u00eb dor\u00eb \u00e7do gj\u00eb t\u00eb tij. Ligji, garancia e tij, ka skaduar. \u00cbsht\u00eb z\u00ebvend\u00ebsuar nga urdh\u00ebri politik, t\u00eb cilin polici, as at\u00eb nuk ta lexon.<\/p>\n<p>E fundit nd\u00ebrhyrje q\u00eb b\u00ebri Rilindja ishte: marrja n\u00ebn kontrollin e saj politik Shtetin.<br \/>\nPra marrja n\u00ebn kontroll politik indivindin.<\/p>\n<p>Ky i fundit duhet tja dij\u00eb p\u00ebr nder Rilindjes q\u00eb \u00ebsht\u00eb ende n\u00eb pun\u00eb, q\u00eb nuk e rrahin, nuk ja kan\u00eb marr\u00eb ende sht\u00ebpin\u00eb, q\u00eb nuk e kan\u00eb arrestuar p\u00ebr verifikime, q\u00eb nuk \u00ebsht\u00eb s\u00ebmur\u00eb apo \u00ebsht\u00eb sh\u00ebruar nga nj\u00eb s\u00ebmundje.<\/p>\n<p>Pra, duhet tja dij\u00eb p\u00ebr nder qeveris\u00eb pse \u00ebsht\u00eb ende gjall\u00eb e merr frym\u00eb&#8230;<\/p>\n<p>Ky quhet SUNDIM!<\/p>\n<p>Ndaj n\u00ebse duhet t\u00eb ndryshoj\u00eb ky vend, duhet hequr Sundimtari si fillim. Pastaj duhet nd\u00ebrtuar shteti jo partiak q\u00eb t\u00eb sh\u00ebrbej\u00eb dhe jo sundoj\u00eb.<\/p>\n<p>Mendoj se ende \u00ebsht\u00eb e mundur t\u00eb \u00e7lirohemi nga sundimi dhe t\u00eb bashkohemi me per\u00ebndimin n\u00ebp\u00ebrmjet demomracis\u00eb.<\/p>\n<p>P.S. Un\u00eb nuk analizoj individ\u00eb, por fenomene q\u00eb i jetojm\u00eb. Por n\u00ebse komentet tuaja tentojn\u00eb t\u00eb v\u00ebn\u00eb n\u00eb krahasim Ram\u00ebn q\u00eb sundon me t\u00eb tjer\u00ebt, un\u00eb qart\u00ebsisht nuk jam me sundimtarin!<br \/>\nJam p\u00ebr rotacionin politik si mund\u00ebsia e vet\u00ebm demokratike q\u00eb na jepet p\u00ebr t\u00eb ndryshuar n\u00eb mos t\u00eb t\u00ebr\u00ebn, t\u00eb pakt\u00ebn di\u00e7ka.<br \/>\nPor duhet ndryshuar kjo situat\u00eb sepse po vjen rregjimi komunist p\u00ebrs\u00ebri.<\/p>\n","protected":false},"excerpt":{"rendered":"<p>Ish ministri i Drejt\u00ebsis\u00eb, Ylli Manjani, n\u00ebp\u00ebrmjet nj\u00eb sh\u00ebnimi t\u00eb gjat\u00eb t\u00eb cilin e ka publikuar sot n\u00eb rrjetin social, FB, ka analizuar skem\u00ebn se si Rilindja e Edi Ram\u00ebs ka transformuar shtetin e t\u00eb drejt\u00ebs i cili duhej t\u00eb ishte n\u00eb sh\u00ebrbim t\u00eb qytetar\u00ebve n\u00eb nj\u00eb shtet partiak, q\u00eb ngjall frik\u00eb dhe mbi t\u00eb [&hellip;]<\/p>\n","protected":false},"author":2013,"featured_media":57749,"comment_status":"open","ping_status":"closed","sticky":false,"template":"","format":"standard","meta":{"footnotes":""},"categories":[241,235],"tags":[],"class_list":{"0":"post-102385","1":"post","2":"type-post","3":"status-publish","4":"format-standard","5":"has-post-thumbnail","7":"category-aktualitet","8":"category-vendi"},"_links":{"self":[{"href":"https:\/\/zjarr.tv\/sq\/wp-json\/wp\/v2\/posts\/102385","targetHints":{"allow":["GET"]}}],"collection":[{"href":"https:\/\/zjarr.tv\/sq\/wp-json\/wp\/v2\/posts"}],"about":[{"href":"https:\/\/zjarr.tv\/sq\/wp-json\/wp\/v2\/types\/post"}],"author":[{"embeddable":true,"href":"https:\/\/zjarr.tv\/sq\/wp-json\/wp\/v2\/users\/2013"}],"replies":[{"embeddable":true,"href":"https:\/\/zjarr.tv\/sq\/wp-json\/wp\/v2\/comments?post=102385"}],"version-history":[{"count":0,"href":"https:\/\/zjarr.tv\/sq\/wp-json\/wp\/v2\/posts\/102385\/revisions"}],"wp:featuredmedia":[{"embeddable":true,"href":"https:\/\/zjarr.tv\/sq\/wp-json\/wp\/v2\/media\/57749"}],"wp:attachment":[{"href":"https:\/\/zjarr.tv\/sq\/wp-json\/wp\/v2\/media?parent=102385"}],"wp:term":[{"taxonomy":"category","embeddable":true,"href":"https:\/\/zjarr.tv\/sq\/wp-json\/wp\/v2\/categories?post=102385"},{"taxonomy":"post_tag","embeddable":true,"href":"https:\/\/zjarr.tv\/sq\/wp-json\/wp\/v2\/tags?post=102385"}],"curies":[{"name":"wp","href":"https:\/\/api.w.org\/{rel}","templated":true}]}}