{"id":102388,"date":"2019-08-20T12:26:44","date_gmt":"2019-08-20T10:26:44","guid":{"rendered":"https:\/\/zjarr.tv\/?p=102388"},"modified":"2019-08-20T12:26:44","modified_gmt":"2019-08-20T10:26:44","slug":"eksperti-gjerman-i-cdu-se-shpejti-do-te-kete-zbulime-te-forta-per-rrethin-familjar-te-edi-rames","status":"publish","type":"post","link":"https:\/\/zjarr.tv\/sq\/eksperti-gjerman-i-cdu-se-shpejti-do-te-kete-zbulime-te-forta-per-rrethin-familjar-te-edi-rames\/","title":{"rendered":"Eksperti gjerman i CDU: S\u00eb shpejti do t\u00eb ket\u00eb zbulime t\u00eb forta, p\u00ebr rrethin familjar t\u00eb Edi Ram\u00ebs"},"content":{"rendered":"<p>Eksperti gjerman pran\u00eb CDU-s\u00eb, p\u00ebr zhvillimet ekonomike dhe politike, Martin Henze, n\u00eb nj\u00eb prononcim p\u00ebr zhvillimet e fundit politike n\u00eb vendin ton\u00eb, duke u p\u00ebrqendruar tek rasti i Valdrin Pjetrit, i cili dha dor\u00ebheqjen si pasoj\u00eb e publikimit t\u00eb dokumenteve nga drejt\u00ebsia italiane, ka dh\u00ebn\u00eb edhe nj\u00eb lajm t\u00eb fort\u00eb p\u00ebr \u00e7far\u00eb pritet n\u00eb vijim.<\/p>\n<p>Sipas tij pas Valdrin Pjetrit n\u00eb jav\u00ebt n\u00eb vijim priten zbulime t\u00eb forta edhe p\u00ebr rrethin familjar\u00eb t\u00eb kryeministrit Edi Rama. K\u00ebt\u00eb deklarat\u00eb t\u00eb fort\u00eb Henze e ka l\u00ebshuar gjat\u00eb nj\u00eb prononcimi p\u00ebr gazet\u00ebn \u201cShekulli\u201d.<\/p>\n<div class=\"in-artile-read-more\">\n<h2><\/h2>\n<\/div>\n<p>\u201cEkzistojn\u00eb disa aspekte dhe gjithashtu dy grupe t\u00eb synuara p\u00ebr tu v\u00ebzhguar, nga nj\u00ebra an\u00eb vendet e huaja dhe nga ana tjet\u00ebr qeveria shqiptare Rama. Shqip\u00ebria nuk \u00ebsht\u00eb m\u00eb nj\u00eb shtet kushtetues. Nuk ka ndarje t\u00eb pushteteve. Nj\u00eb shtet i qeverisur nga Kryeministri Rama n\u00eb t\u00eb cilin arbitrariteti favorizohet masivisht. Shembulli i z. Valdrin Pjetri, i cili dyshohet se u zgjodh kryetar i Bashkis\u00eb s\u00eb Shkodr\u00ebs m\u00eb 30 qershor 2019 dhe q\u00eb tani \u00ebsht\u00eb duke deklaruar dor\u00ebheqjen e tij, se ai ka qen\u00eb n\u00eb burg p\u00ebr nj\u00eb vit p\u00ebr veprat penale t\u00eb drog\u00ebs, \u00ebsht\u00eb nj\u00eb shembull i mir\u00eb i asaj lloj qeverie, me \u00e7far\u00eb lloj kryeministri kemi t\u00eb b\u00ebjm\u00eb aktualisht n\u00eb Shqip\u00ebri.<\/p>\n<div id=\"rekl-13\">\n<div id=\"__sap-ad-15\" class=\"__sap-ads __sap-html tracked\" data-title=\"Credins desktop 08\"><ins><\/p>\n<div id=\"beacon_a28d380221\"><img loading=\"lazy\" decoding=\"async\" src=\"https:\/\/ads1.medium.al\/www\/delivery\/lg.php?bannerid=373&amp;campaignid=48&amp;zoneid=182&amp;loc=https%3A%2F%2Fwww.syri.net%2Fpolitike%2F275064%2Feksperti-gjerman-i-cdu-se-shpejti-do-te-kete-zbulime-te-forta-per-rrethin-familjar-te-edi-rames%2F&amp;referer=https%3A%2F%2Fwww.syri.net%2Flajme%2F&amp;cb=a28d380221\" alt=\"\" width=\"0\" height=\"0\" \/><\/div>\n<p><\/ins><\/div>\n<\/div>\n<div id=\"rekl-4\"><\/div>\n<p>Do t\u00eb ket\u00eb m\u00eb shum\u00eb zbulime gjat\u00eb jav\u00ebve n\u00eb vijim, t\u00eb cil\u00ebt p\u00ebrqendrohen edhe n\u00eb rrethin m\u00eb t\u00eb af\u00ebrt, familjar t\u00eb Ram\u00ebs. Di\u00e7ka \u00ebsht\u00eb b\u00ebr\u00eb n\u00eb reform\u00ebn gjyq\u00ebsore q\u00eb ka \u00e7uar n\u00eb rr\u00ebzimin e t\u00eb gjith\u00eb sistemit demokratik dhe ligjor t\u00eb Shqip\u00ebris\u00eb; asnj\u00eb zgjidhje e p\u00ebrkohshme nuk \u00ebsht\u00eb zbatuar p\u00ebr faz\u00ebn e nd\u00ebrmjetme, midis shkarkimit t\u00eb gjyqtar\u00ebve dhe z\u00ebvend\u00ebsimit.<\/p>\n<p>Stabiliteti i sistemit n\u00eb Shqip\u00ebri do t\u00eb ishte arritur vet\u00ebm p\u00ebrmes nj\u00eb bashkimi t\u00eb lirsh\u00ebm t\u00eb n\u00ebnsistemeve t\u00eb ve\u00e7ant\u00eb. Reforma totale gjyq\u00ebsore fillimisht n\u00ebnkupton nd\u00ebrprerjen e reagimit negativ t\u00eb zinxhirit, d.m.th. implikimin e t\u00eb gjith\u00eb sistemit juridik demokratik. Ashtu si me nj\u00eb shk\u00ebmbim organesh t\u00eb zemr\u00ebs, zemra hiqet, nuk ka zgjidhje t\u00eb p\u00ebrkohshme, zemra e re zbatohet, por durim \u00ebsht\u00eb vdekja.<\/p>\n<p>Avantazhet e nj\u00eb zgjidhjeje t\u00eb p\u00ebrkohshme do t\u00eb ishin t\u00eb dukshme: Kurseni koh\u00eb sepse shk\u00ebmbimi i gjyqtar\u00ebve n\u00eb Gjykat\u00ebn Supreme dhe Gjykat\u00ebn Kushtetuese nuk do t\u00eb shkat\u00ebrronte t\u00eb gjith\u00eb sistemin e Shqip\u00ebris\u00eb, funksionalitetin e tre fuqive: Gjyq\u00ebsor-Legjislativ Ekzekutiv. P\u00ebrgjegj\u00ebsia politike p\u00ebr k\u00ebt\u00eb varet vet\u00ebm nga qeveria Rama dhe partia e saj, PS.<\/p>\n<p>P\u00ebr m\u00eb tep\u00ebr, shoq\u00ebria civile shqiptare ka humbur besimin absolut n\u00eb aft\u00ebsin\u00eb e shtetit kushtetues shqiptar t\u00eb Ram\u00ebs dhe k\u00ebshilltar\u00ebve t\u00eb saj t\u00eb huaj p\u00ebr t\u00eb reformuar, q\u00eb \u00ebsht\u00eb nj\u00eb zhvillim shtes\u00eb, serioz dhe rezultat i nj\u00eb reforme gjyq\u00ebsore t\u00eb organizuar joprofesionale nga qeveria Rama. N\u00eb thelb, \u00ebsht\u00eb nj\u00eb \u00e7rregullim serioz njoh\u00ebs n\u00eb sistem, i r\u00ebnduar nga disa konsulent\u00eb t\u00eb instrumentalizuar nga qeveria, e v\u00ebrtet\u00eb p\u00ebr moton: sepse asgj\u00eb nuk mund t\u00eb ndodh\u00eb n\u00ebse nuk lejohet t\u00eb ndodh\u00eb\u201d, thot\u00eb eksperti i CDU Henze.<\/p>\n","protected":false},"excerpt":{"rendered":"<p>Eksperti gjerman pran\u00eb CDU-s\u00eb, p\u00ebr zhvillimet ekonomike dhe politike, Martin Henze, n\u00eb nj\u00eb prononcim p\u00ebr zhvillimet e fundit politike n\u00eb vendin ton\u00eb, duke u p\u00ebrqendruar tek rasti i Valdrin Pjetrit, i cili dha dor\u00ebheqjen si pasoj\u00eb e publikimit t\u00eb dokumenteve nga drejt\u00ebsia italiane, ka dh\u00ebn\u00eb edhe nj\u00eb lajm t\u00eb fort\u00eb p\u00ebr \u00e7far\u00eb pritet n\u00eb vijim. [&hellip;]<\/p>\n","protected":false},"author":2013,"featured_media":85658,"comment_status":"open","ping_status":"closed","sticky":false,"template":"","format":"standard","meta":{"footnotes":""},"categories":[241,235],"tags":[],"class_list":{"0":"post-102388","1":"post","2":"type-post","3":"status-publish","4":"format-standard","5":"has-post-thumbnail","7":"category-aktualitet","8":"category-vendi"},"_links":{"self":[{"href":"https:\/\/zjarr.tv\/sq\/wp-json\/wp\/v2\/posts\/102388","targetHints":{"allow":["GET"]}}],"collection":[{"href":"https:\/\/zjarr.tv\/sq\/wp-json\/wp\/v2\/posts"}],"about":[{"href":"https:\/\/zjarr.tv\/sq\/wp-json\/wp\/v2\/types\/post"}],"author":[{"embeddable":true,"href":"https:\/\/zjarr.tv\/sq\/wp-json\/wp\/v2\/users\/2013"}],"replies":[{"embeddable":true,"href":"https:\/\/zjarr.tv\/sq\/wp-json\/wp\/v2\/comments?post=102388"}],"version-history":[{"count":0,"href":"https:\/\/zjarr.tv\/sq\/wp-json\/wp\/v2\/posts\/102388\/revisions"}],"wp:featuredmedia":[{"embeddable":true,"href":"https:\/\/zjarr.tv\/sq\/wp-json\/wp\/v2\/media\/85658"}],"wp:attachment":[{"href":"https:\/\/zjarr.tv\/sq\/wp-json\/wp\/v2\/media?parent=102388"}],"wp:term":[{"taxonomy":"category","embeddable":true,"href":"https:\/\/zjarr.tv\/sq\/wp-json\/wp\/v2\/categories?post=102388"},{"taxonomy":"post_tag","embeddable":true,"href":"https:\/\/zjarr.tv\/sq\/wp-json\/wp\/v2\/tags?post=102388"}],"curies":[{"name":"wp","href":"https:\/\/api.w.org\/{rel}","templated":true}]}}