{"id":102390,"date":"2019-08-20T13:32:16","date_gmt":"2019-08-20T11:32:16","guid":{"rendered":"https:\/\/zjarr.tv\/?p=102390"},"modified":"2019-08-20T13:32:16","modified_gmt":"2019-08-20T11:32:16","slug":"i-denuar-me-burg-per-kanosje-arrestohet-31-vjecari-ne-fier","status":"publish","type":"post","link":"https:\/\/zjarr.tv\/sq\/i-denuar-me-burg-per-kanosje-arrestohet-31-vjecari-ne-fier\/","title":{"rendered":"I d\u00ebnuar me burg p\u00ebr kanosje, arrestohet 31-vje\u00e7ari n\u00eb Fier"},"content":{"rendered":"<p>Specialist\u00ebt p\u00ebr Hetimin e Krimeve n\u00eb Komisariatin e Policis\u00eb Fier, n\u00eb vijim t\u00eb pun\u00ebs p\u00ebr kapjen e shtetasve t\u00eb shpallur n\u00eb k\u00ebrkim, b\u00ebn\u00eb kapjen dhe ndalimin e shtetasit: Denis Mollaj 31 vje\u00e7, banues n\u00eb Patos.<\/p>\n<p>Ndalimi i k\u00ebtij shtetasi u b\u00eb pasi Gjykata e Rrethit Gjyq\u00ebsor Fier e ka d\u00ebnuar me 1 vit burg p\u00ebr veprat penale \u201cKanosje\u201d dhe \u201cArmbajtje pa leje\u201d.<\/p>\n<p>N\u00eb dat\u00ebn 16.04.2015, n\u00eb qytetin e Patosit, pas nj\u00eb konflikti p\u00ebr motive t\u00eb dob\u00ebta, ka kanosur me arm\u00eb zjarri shtetasin A.Sh.<\/p>\n","protected":false},"excerpt":{"rendered":"<p>Specialist\u00ebt p\u00ebr Hetimin e Krimeve n\u00eb Komisariatin e Policis\u00eb Fier, n\u00eb vijim t\u00eb pun\u00ebs p\u00ebr kapjen e shtetasve t\u00eb shpallur n\u00eb k\u00ebrkim, b\u00ebn\u00eb kapjen dhe ndalimin e shtetasit: Denis Mollaj 31 vje\u00e7, banues n\u00eb Patos. Ndalimi i k\u00ebtij shtetasi u b\u00eb pasi Gjykata e Rrethit Gjyq\u00ebsor Fier e ka d\u00ebnuar me 1 vit burg p\u00ebr [&hellip;]<\/p>\n","protected":false},"author":2013,"featured_media":93321,"comment_status":"open","ping_status":"closed","sticky":false,"template":"","format":"standard","meta":{"footnotes":""},"categories":[241,235],"tags":[],"class_list":{"0":"post-102390","1":"post","2":"type-post","3":"status-publish","4":"format-standard","5":"has-post-thumbnail","7":"category-aktualitet","8":"category-vendi"},"_links":{"self":[{"href":"https:\/\/zjarr.tv\/sq\/wp-json\/wp\/v2\/posts\/102390","targetHints":{"allow":["GET"]}}],"collection":[{"href":"https:\/\/zjarr.tv\/sq\/wp-json\/wp\/v2\/posts"}],"about":[{"href":"https:\/\/zjarr.tv\/sq\/wp-json\/wp\/v2\/types\/post"}],"author":[{"embeddable":true,"href":"https:\/\/zjarr.tv\/sq\/wp-json\/wp\/v2\/users\/2013"}],"replies":[{"embeddable":true,"href":"https:\/\/zjarr.tv\/sq\/wp-json\/wp\/v2\/comments?post=102390"}],"version-history":[{"count":0,"href":"https:\/\/zjarr.tv\/sq\/wp-json\/wp\/v2\/posts\/102390\/revisions"}],"wp:featuredmedia":[{"embeddable":true,"href":"https:\/\/zjarr.tv\/sq\/wp-json\/wp\/v2\/media\/93321"}],"wp:attachment":[{"href":"https:\/\/zjarr.tv\/sq\/wp-json\/wp\/v2\/media?parent=102390"}],"wp:term":[{"taxonomy":"category","embeddable":true,"href":"https:\/\/zjarr.tv\/sq\/wp-json\/wp\/v2\/categories?post=102390"},{"taxonomy":"post_tag","embeddable":true,"href":"https:\/\/zjarr.tv\/sq\/wp-json\/wp\/v2\/tags?post=102390"}],"curies":[{"name":"wp","href":"https:\/\/api.w.org\/{rel}","templated":true}]}}