{"id":102394,"date":"2019-08-20T12:51:52","date_gmt":"2019-08-20T10:51:52","guid":{"rendered":"https:\/\/zjarr.tv\/?p=102394"},"modified":"2019-08-20T12:51:52","modified_gmt":"2019-08-20T10:51:52","slug":"zbardhet-debati-ne-kupolen-e-ps-se-per-bashkine-shkoder-dele-te-rames-dele-dele","status":"publish","type":"post","link":"https:\/\/zjarr.tv\/sq\/zbardhet-debati-ne-kupolen-e-ps-se-per-bashkine-shkoder-dele-te-rames-dele-dele\/","title":{"rendered":"Zbardhet debati n\u00eb kupol\u00ebn e PS-s\u00eb, p\u00ebr bashkin\u00eb Shkod\u00ebr: Dele t\u00eb Ram\u00ebs, dele, dele&#8230;."},"content":{"rendered":"<p>N\u00ebse ndokush ka ende dyshime, se n\u00eb \u00e7far\u00eb gjendje e ka katandisur Partin\u00eb Socialiste, Edi Rama, mjafton q\u00eb t\u00eb lexoj\u00eb procesverbalin e m\u00eb posht\u00ebm t\u00eb mbledhjes q\u00eb \u00ebsht\u00eb mbajtur n\u00eb selin\u00eb e partis\u00eb t\u00eb k\u00ebtij qyteti, nj\u00eb dit\u00eb p\u00ebrpara konstituimit t\u00eb K\u00ebshillit Bashkiak t\u00eb bashkis\u00eb s\u00eb Shkodr\u00ebs.<\/p>\n<p>Shumica e kryesis\u00eb s\u00eb PS-s\u00eb dhe e k\u00ebshilltar\u00ebve t\u00eb zgjedhur nga votimet moniste t\u00eb 30 qershorit, e pranojn\u00eb me z\u00eb t\u00eb lart\u00eb se po trajtohen si dele nga Edi Rama e Taulant Balla.<\/p>\n<div class=\"in-artile-read-more\">\n<h2><\/h2>\n<\/div>\n<p>P\u00ebr\u00e7uesja e lajmit se ju jeni vet\u00ebm dele n\u00eb parti \u00ebsht\u00eb deputetja, Senida Mesi, e cila n\u00eb k\u00ebt\u00eb takim nuk di t\u00eb thot\u00eb asgj\u00eb tjet\u00ebr p\u00ebrve\u00e7se fjalis\u00eb; \u00ebsht\u00eb urdh\u00ebr nga Rama dhe Balla.<\/p>\n<div id=\"rekl-13\">\n<div id=\"__sap-ad-15\" class=\"__sap-ads __sap-html tracked\" data-title=\"Credins desktop 08\"><ins><\/p>\n<div id=\"beacon_9f287c372a\"><img loading=\"lazy\" decoding=\"async\" src=\"https:\/\/ads1.medium.al\/www\/delivery\/lg.php?bannerid=373&amp;campaignid=48&amp;zoneid=182&amp;loc=https%3A%2F%2Fwww.syri.net%2Fpolitike%2F275112%2Fzbardhet-debati-ne-kupolen-e-ps-se-per-bashkine-shkoder-dele-te-rames-dele-dele%2F&amp;referer=https%3A%2F%2Fwww.syri.net%2Flajme%2F&amp;cb=9f287c372a\" alt=\"\" width=\"0\" height=\"0\" \/><\/div>\n<p><\/ins><\/div>\n<\/div>\n<div id=\"rekl-4\"><\/div>\n<p>Kulmi i mbledhjes q\u00eb SYRI.net e p\u00ebrcjell t\u00eb zbardhur krejt\u00ebsisht, arrihet kur e paracaktuara nga Rama p\u00ebr t\u00eb qen\u00eb kryetare e k\u00ebshillit bashkiak, Briselda Kadia, deklaron se p\u00ebr postin q\u00eb i ka caktuar Edi Rama, ka edhe mb\u00ebshtetjen e Valdrin Pjetrit.<\/p>\n<p>Lexoni t\u00eb plot\u00eb debatin e \u2018elit\u00ebs\u2019 s\u00eb Partis\u00eb Socialiste dhe t\u00eb deputet\u00ebve t\u00eb saj n\u00eb Shkod\u00ebr, p\u00ebr t\u00eb kuptuar se si funksionon, Edi Rama, jo vet\u00ebm me partin\u00eb, por edhe me \u00e7do institucion qeveris\u00ebs.<\/p>\n<p>M\u00eb e trishtueshmja e gjith\u00eb k\u00ebsaj historie q\u00eb do t\u00eb lexoni m\u00eb posht\u00eb \u00ebsht\u00eb se edhe pse shumica e pjes\u00ebtar\u00ebve n\u00eb k\u00ebt\u00eb mbledhje kund\u00ebrshtojn\u00eb fort\u00eb fillimisht trajtimin e tyre si dele nga Edi Rama, n\u00eb fund t\u00eb gjith\u00eb \u2018votojn\u00eb si dele\u2019!<\/p>\n<p><strong>Procesverbali i mbledhjes s\u00eb PS n\u00eb Shkod\u00ebr:<\/strong><\/p>\n<p><em>Sh\u00ebnimet e Takimit (Minutat)\u00a0\u00a0\u00a0\u00a0\u00a0\u00a0\u00a0\u00a0\u00a0\u00a0\u00a0<\/em><\/p>\n<p><em>\u00a0Vendi i takimit:<\/em><\/p>\n<p><em>Selia PS- Dega Shkod\u00ebr<\/em><\/p>\n<p><em>Q\u00ebllimi i takimit: Mbledhje me An\u00ebtar\u00eb t\u00eb K\u00ebshillit Bashkiak 2019 dhe AS Bashkis\u00eb\u00a0\u00a0\u00a0\u00a0\u00a0\u00a0\u00a0\u00a0\u00a0\u00a0<\/em><\/p>\n<p><em>Data e takimit: 18.08.2019\u00a0\u00a0\u00a0\u00a0\u00a0\u00a0\u00a0\u00a0\u00a0\u00a0\u00a0\u00a0\u00a0\u00a0\u00a0\u00a0<\/em><\/p>\n<p><em>Objektivat e takimit:<\/em><\/p>\n<p><em>Zgjedhje e Kryetarit t\u00eb KB, n\/Kryetar\u00ebve dhe An\u00ebtar\u00ebve p\u00ebr K\u00ebshill Qarku<\/em><\/p>\n<p><em>Koha e takimit: 19.00\u00a0\u00a0\u00a0\u00a0\u00a0\u00a0\u00a0\u00a0\u00a0\u00a0\u00a0\u00a0\u00a0<\/em><\/p>\n<p><em>\u00a0Pjes\u00ebmarr\u00ebs:<\/em><\/p>\n<p><em>Deputet\u00ebt: Luan Harusha, Senida Mesi; Edmond Emini, Kryetar AS; Astrit Beci, Koord.Elektoral, K\u00ebshilltar\u00ebt Bashkiak, Kryetar KS n\u00eb NJA<\/em><\/p>\n<p><em>Munguan: Oltion Luli (ndodhet jasht\u00eb vendi);<\/em><\/p>\n<p><strong>\u00c7\u00ebshtjet e diskutuara\u00a0<\/strong><\/p>\n<p><em>Senida Mesi: Si e deleguar nga Kryeministri dhe Sekr. P\u00ebrgjithsh\u00ebm i Partis\u00eb z. Balla iu p\u00ebrcjell urdhrin e Kryeministrit q\u00eb kandidatja p\u00ebr Kryetare K\u00ebshilli t\u00eb jete grua. P\u00ebr k\u00ebt\u00eb ne kemi propozuar Brisela Kadia. Nga T.Balla k\u00ebrkohet unitet absolut. Kush nuk do t\u00eb votoj\u00eb k\u00ebt\u00eb kandidate do t\u00eb p\u00ebrjashtohet nga Partia.<\/em><\/p>\n<p><em>(zhurm\u00eb n\u00eb sall\u00eb)<\/em><\/p>\n<p><em>Tereze Brigja: Ne nuk jemi dele q\u00eb na vini me k\u00ebta urdhra. S\u00eb pari t\u00eb vini e t\u00eb k\u00ebrkoni falje p\u00ebr Kryetarin q\u00eb kishim. Nuk kam gj\u00eb kundra emrit q\u00eb propozoni! Por e njohu KM Valdrinin q\u00eb na e soli pa pyet?? Po ashtu pa na pyet e pa e njoht\u00eb po na sjell dhe k\u00ebt\u00eb her\u00eb! Na turp\u00ebruat. U detyrohemi falje njer\u00ebzve q\u00eb p\u00ebrfaq\u00ebsojm\u00eb e mos ta shtojm\u00eb turpin&#8230;<\/em><\/p>\n<p><em>Senida Mesi: T\u00eb mirkuptoj. Nuk t\u00eb heq nj\u00eb presje. Por ky \u00ebsht\u00eb nj\u00eb urdh\u00ebr politik. T\u00eb till\u00eb do t\u00eb ndoshin shpesh edhe kur t\u00eb jeni n\u00eb K\u00ebshill Bashkiak.<\/em><\/p>\n<p><em>Blediana Nika: S\u00eb pari t\u00eb vin\u00eb t\u00eb na k\u00ebrkojn\u00eb falje. Edhe ju q\u00eb jeni aty, po..po. Se nuk u mor\u00ebt vesh ju n\u00eb k\u00ebta 2.5 vite jemi n\u00eb k\u00ebt\u00eb gjendje q\u00eb na katapultojn\u00eb njer\u00ebz pa na pyet. Un\u00eb flas e kam t\u00eb drejt\u00eb t\u00eb flas, se kam sjell\u00eb ma shum\u00eb vota se secili n\u00eb k\u00ebt\u00eb sall\u00eb&#8230;Dhe mos m\u00eb drejto gishtin mua kur flet!!<\/em><\/p>\n<p><em>Senida Mesi: Se kush b\u00ebn vota n\u00eb Velipoj\u00eb e dim\u00eb mir\u00eb! Prandaj respekto debatin dhe fol me radh\u00eb. Kij respekt!<\/em><\/p>\n<p><em>Tereze Brigja: Ne jemi n\u00eb demokraci, dhe nuk pranojm\u00eb t\u00eb komandohemi k\u00ebshtu. Do doja shum\u00eb t\u00eb ishte Edi rama k\u00ebtu, ti them si m\u00eb dhemb shpirti p\u00ebr k\u00ebt\u00eb gjendje ku \u00ebsht\u00eb katandis\u00eb PS Shkod\u00ebr. Na b\u00ebri grop\u00ebn me at\u00eb kandidat, q\u00eb si\u00e7 e pam\u00eb as n\u00eb zon\u00eb t\u00eb vet n\u00eb Rrenc nuk fitoi. Nuk pat aft\u00ebsi me njoht\u00eb kandidatin&#8230;si merr p\u00ebrsip\u00ebr me na detyru prap figur\u00eb tjet\u00ebr&#8230; Flas se kam kontribut n\u00eb vite&#8230;kam derdh\u00eb djers\u00eb. A e dini ju \u00e7a do me than\u00eb me drejtu njer\u00ebz me votu deri n\u00eb maje t\u00eb Dukagjinit, n\u00ebp\u00ebr nj\u00eb shteg rruge ku kan\u00eb vdek\u00eb mbi 75 vet\u00eb?? Nuk e dini&#8230;se nuk ka t\u00eb ngjash\u00ebm n\u00eb qytet kjo sforco&#8230;Nuk kam m\u00eb bes\u00eb nd\u00ebr njer\u00ebz me u k\u00ebrku vot\u00eb&#8230;se jena malsor\u00eb e kena bes\u00eb! Keni b\u00ebr\u00eb gabim fatal, dhe tani vini prap na komandoni! T\u00eb zhytur n\u00eb turp!<\/em><\/p>\n<p><em>Bledina Nika: Senid\u00eb, si dhe kush b\u00ebn vota n\u00eb Velipoj\u00eb e dim\u00eb ne! N\u00ebse ti i jep vetes t\u00eb drejt\u00eb me diskutu k\u00ebt\u00eb dhe vjen e na vendos Veto k\u00ebtu, harron pesh\u00ebn e grupimit&#8230;t\u00eb partis\u00eb dhe t\u00eb vot\u00ebs!! Dhe t\u00eb k\u00ebrkoj hallall q\u00eb t\u00eb kena ba deputete, se ma ato vota je b\u00ebr\u00eb deputete!!<\/em><\/p>\n<p><em>Diana Muriqi: Pse na vendosni gisht p\u00ebr t\u00eb zgjedhur nj\u00eb fem\u00ebr? \u00c7a lidhje ka? Nuk e thot\u00eb ligji! Po qe p\u00ebr ashtu kemi Aurora Dibr\u00ebn!<\/em><\/p>\n<p><em>Dhurata Tyli: N\u00eb mbledhjen e t\u00eb premtes, Kryetari na dha mesazh q\u00eb t\u00eb jemi t\u00eb bashkuar. N\u00ebse ju propozoni Brisel\u00ebn, ne le ta vendosim!<\/em><\/p>\n<p><em>Anton Deda: Nj\u00eb sekond! Jo, ne duam Arvit Osjen!<\/em><\/p>\n<p><em>Lulash Nika: Ju jeni deputet\u00eb t\u00eb Qarkut, duhet ju t\u00eb dakord\u00ebsoheni m\u00eb par\u00eb. B\u00ebnu bashk\u00eb dhe dilni me nj\u00eb propozim!<\/em><\/p>\n<p><em>Senida Mesi: Po e kemi dakord\u00ebsuar ne deputet\u00ebt! Vendos\u00ebm Brisela Kadia<\/em><\/p>\n<p><em>Luan Harusha: Ky \u00ebsht\u00eb nj\u00eb propozim, vendimet i merrni ju!<\/em><\/p>\n<p><em>Luan Heta: Situata \u00ebsht\u00eb e paprecedent. Nuk i vem\u00eb faj askujt&#8230;Ne kemi humb pa kund\u00ebrshtar dhe kjo nuk na falet. Ngjan me nj\u00eb mallkim! Jam plot\u00ebsisht dakord me Terez\u00ebn, nuk po kandidoni at\u00eb vajz\u00ebn se doni ju, por se po na e thon\u00eb. \u00cbsht\u00eb e pafalshme q\u00eb ju b\u00ebheni transmetues t\u00eb fjal\u00ebs s\u00eb Ball\u00ebs. M\u00ebnyra si na e thoni \u00ebsht\u00eb e pafalshme. T\u00eb na jepni urdh\u00ebr dhe e m\u00ebr n\u00eb em\u00ebr t\u00eb KM dhe T. Ball\u00ebs!!!<\/em><\/p>\n<p><em>Senida Mesi: Ne kemi urdh\u00eb\u00ebr politik p\u00ebr k\u00ebt\u00eb em\u00ebr. Dhe mos m\u00eb tregoni mua procedur\u00ebn e K\u00ebshillit Bashkiak.<\/em><\/p>\n<p><em>Bledina Nika: Kjo m\u00ebnyr\u00eb komunikimi si e jotja moj Senid\u00eb, iu jep rezultatin q\u00eb merrni n\u00eb qytet&#8230;<\/em><\/p>\n<p><em>Teuta Zaja: Prezenca e madhe e grave n\u00eb k\u00ebt\u00eb sall\u00eb, na imponon m\u00eb shum\u00eb qet\u00ebsi dhe vet\u00ebp\u00ebrmbajtje! le t\u00eb tregojm\u00eb qytetari! Ndoshta Senida u shpreh gabim. Por me sa e noh un\u00eb figur\u00ebn e Brisel\u00ebs jam dakord q\u00eb t\u00eb jet\u00eb nj\u00eb grua, por me q\u00ebllim q\u00eb ta pjekim k\u00ebt\u00eb vendim k\u00ebtu. Pastaj t\u00eb diskutojm\u00eb n\u00ebse duhet Nersada&#8230;Aurora..Diana..<\/em><\/p>\n<p><em>Lush Marku: Nuk m\u00eb p\u00eblqen ky lloj diskutimi. Na duhet t\u00eb tregojm\u00eb toleranc\u00eb. Kur nuk gjejm\u00eb konsensu n\u00eb k\u00ebt\u00eb sall\u00eb, mendo n\u00eb sall\u00eb tjeter&#8230;Debate kemi b\u00ebr\u00eb p\u00ebrher\u00eb n\u00eb parti, ama kemi dakord\u00ebsuar vendime k\u00ebtu. Dhe mbi t\u00eb gjitha kemi b\u00ebr\u00eb p\u00ebrher\u00eb analiza. Duhet vet\u00ebp\u00ebrmbajtje. Mir\u00eb e tha deputetja, Kryetari i KB i takon t\u00eb jet\u00eb nj\u00eb qytetare shkodrane, grua dhe me eksperienc\u00eb. Pastaj&#8230;mandate t\u00eb falura i kmei! Se sa t\u00eb fort\u00eb jemi, u tregua&#8230;Sa u respektua Shkodra e kuptuam. Me mandate t\u00eb falura, \u00e7na prish pun\u00eb kush do jet\u00eb Kryetare! Jam dakord me Brisel\u00ebn. I uroj suksese! Do t\u00eb ishte turp po t\u00eb mos merrnim 40 vota.<\/em><\/p>\n<p><em>Hilmi Sakti: Po ne nuk jemi repart ushtarak, q\u00eb urdh\u00ebrohemi k\u00ebshtu!<\/em><\/p>\n<p><em>Sokol Zaimaj: Mbase jemi t\u00eb ngarkuar p\u00ebr \u00e7ka na ka ndodh\u00eb&#8230;prandaj jemi dhe kaq t\u00eb irrituar. T\u00eb vet\u00ebp\u00ebrmbahemi. Un\u00eb propozoj Arvit Osjen, dhe Jona L\u00ebqejz\u00ebn p\u00ebr n\/Kryetare.<\/em><\/p>\n<p><em>Besmir Vukaj: Ne t\u00eb votojm\u00eb k\u00ebtu p\u00ebr \u00e7do person! Q\u00eb nes\u00ebr t\u00eb shkojm\u00eb me rezultat t\u00eb dal\u00eb nga vota!<\/em><\/p>\n<p><em>Marjan Nd\u00ebrshtiqaj: Kjo m\u00ebnyra si po procedohet n\u00eb PS spo na motivon hi\u00e7 ne t\u00eb rinjve. Si i thon\u00eb n\u00eb Shkod\u00ebr \u2018tav\u00eb krapi\u2019 ashtu po na serviren Kryetar\u00ebt&#8230;dhe kjo po na b\u00ebhet shum\u00eb kosto. Un\u00eb propozoj Arvit Osjen p\u00ebr Kryetar!<\/em><\/p>\n<p><em>Hilmi Sakti: Kam punuar n\u00eb ushtri sa koh\u00eb, dhe k\u00ebshtu \u2018demokracie\u2019 skam par\u00eb kurr\u00eb. K\u00ebt\u00eb vajz\u00ebn po e digjni kot, ve\u00e7 nga kjo m\u00ebnyr\u00eb si po e hidhni n\u00eb treg&#8230;T\u00eb pakt\u00ebn na propozoni dhe nj\u00eb djal\u00eb dhe le ta votojm\u00eb. Un\u00eb propozoj Arvit Osjen. Gjithahstu salla q\u00eb keni zgjedh\u00eb p\u00ebr Konstituim nuk \u00ebsht\u00eb menduar fare&#8230;te ish-Komiteti Partis\u00eb!!! Lutem konsiderojeni sa m\u00eb par\u00eb ta ndryshoni!<\/em><\/p>\n<p><em>Daniela Jakoja: Kam nj\u00eb problem personal! Po m\u00eb godasin n\u00eb rrjete sociale me profile fallco p\u00ebr shkak t\u00eb p\u00ebrkat\u00ebsis\u00eb time etnike. mendoj se \u00ebsht\u00eb nga kjo sall\u00eb. Kush t\u00eb ket\u00eb di\u00e7ka personale, le ta flas\u00eb n\u00eb sy! Me k\u00ebt\u00eb rast propozoj veten p\u00ebr n\/kryetare k\u00ebshilli se kam biseduar m\u00eb heret dhe me Valdrinin&#8230;<\/em><\/p>\n<p><em>Gerald Hasaj: Kjo m\u00ebnyr\u00eb propozimi t\u00eb emrave \u00ebsht\u00eb shum\u00eb problematike! E p\u00ebsuam p\u00ebr Bashkin\u00eb! Pse na detyroni prap? Un\u00eb propozoj Arvit Osjen.<\/em><\/p>\n<p><em>Kristi Shllaku: Propozoj Arvit Osjen.<\/em><\/p>\n<p><em>Nersada Mandija: Propozoj Arvit Osjen. Le ta b\u00ebjm\u00eb me votim, edhe t\u00eb hapur. T\u00eb \u00e7oj\u00eb dor\u00ebn kush \u00ebsht\u00eb p\u00ebr Arvit Osjen, Kryetar!<\/em><\/p>\n<p><em>\u00a0(Ngrihen 32 duar)<\/em><\/p>\n<p><em>Senida Mesi: Nj\u00eb sekond se po na ngat\u00ebrroni!!Ka vendim politik p\u00ebr k\u00ebt\u00eb. Brisela \u00ebsht\u00eb kandidatura e dakord\u00ebsuar nga ne deputet\u00ebt.<\/em><\/p>\n<p><em>Brisela Kadia: I kuptoj polemikat p\u00ebr 2 arsye. E para p\u00ebr shkak t\u00eb situat\u00eb s \u00eb dit\u00ebve t\u00eb fundit, dhe e dyta se nuk jemi m\u00ebsuar e pushtet. Un\u00eb jam kontaktuar para nj\u00eb muaji p\u00ebr k\u00ebt\u00eb pozicion. Kam mb\u00ebshtetjen e deputet\u00ebve, e kisha dhe t\u00eb Valdrinit.<\/em><\/p>\n<p><em>Hekuran Gjorreta: Na vin\u00eb ve\u00e7 katapultime. Nuk jemi dele. Prap po na katapultoni. Un\u00eb nuk e njoh<\/em><\/p>\n<p><em>Hilmi Sakti: T\u00eb b\u00ebjm\u00eb proces, t\u00eb zgjidhet k\u00ebtu br\u00ebnda nesh, sonte!<\/em><\/p>\n<p><em>Aurora Dibra: Ju falenderoj p\u00ebr kandidimin, si dhe p\u00ebr p\u00ebrfshirjen n\u00eb skuadr\u00ebn e KB Shkod\u00ebr, edhe pse kam kaluar dhe 1 mandat para 8 vitesh. Nuk kam aspirata p\u00ebr Kryetare, ama \u00e7\u00ebshtjet e mjedisit t\u00eb cilat jna\u00eb specialiteti im profesional d\u00ebshiroj t\u00eb vazhdoj ti \u00e7oj p\u00ebrpara. Nes\u00ebr jam p\u00ebr votim unanim, pasi ta kemi dakord\u00ebsuar k\u00ebtu.<\/em><\/p>\n<p><em>Luan Heta: Un\u00eb jam 1 nga ata q\u00eb kam d\u00ebshir\u00eb p\u00ebr Kryetar por jam t\u00ebrhequr!<\/em><\/p>\n<p><em>(salla nj\u00ebz\u00ebri: kur u t\u00ebrhoqe se ti na ke b\u00ebr\u00eb telefonata p\u00ebr vot\u00eb)<\/em><\/p>\n<p><em>U t\u00ebrhoqa tani,pra! T\u00eb dalim me emrin p\u00ebr t\u00eb cilin kan\u00eb konsensus ata lart! Jan\u00eb vendime politike!<\/em><\/p>\n<p><em>Arvit Osja: \u00cbsht\u00eb normale q\u00eb kemi diskutime, edhe q\u00eb \u00e7ojm\u00eb z\u00ebrin. M\u00eb shqet\u00ebson si u hap mbledhja dhe si na servir\u00ebt nj\u00eb em\u00ebr nga \u2018lart\u2019. pa na pyetur m\u00eb par\u00eb. Brisela \u00ebsht\u00eb mikesh\u00eb e imja, ndoshta dhe njeriu m\u00eb i dahsur i imi n\u00eb k\u00ebt\u00eb sall\u00eb. M\u00eb shqet\u00ebson fakti q\u00eb ju citoni fjal\u00ebn e KM k\u00ebtu apo t\u00eb sekr,P\u00ebrgjithsh\u00ebm&#8230;nuk e vesoj kurr\u00eb se ata na imponojn\u00eb em\u00ebr ne.<\/em><\/p>\n<p><em>Senida Mesi: Edhe ti kur u zgjodhe Kryetar Partie, me nj\u00eb em\u00ebr u votua!<\/em><\/p>\n<p><em>Arvit Osja: E v\u00ebrtet\u00eb, ama kishte zgjedhje pro\/kundra. ne le t\u00eb biem dakord sonte. Ama votimi \u00ebsht\u00eb nes\u00ebr n\u00eb sall\u00eb t\u00eb KB. Ju thoni jemi dakord\u00ebsuar, por ne ja ku jemi akoma n\u00eb mbledhje dhe t\u00eb padakord\u00ebsuar. k\u00ebtu. T\u00eb biem dakod k\u00ebtu e nes\u00ebr t\u00eb mos lejm\u00eb nam.<\/em><\/p>\n<p><em>Hilmi Sakti, drejtuar Luan Het\u00ebs: Do jap\u00ebsh llogari para KM, q\u00eb je dakord\u00ebsuar me ata tjer\u00ebt dhe vjen e e b\u00ebn zhurmuesin k\u00ebtu sa her\u00eb flet njeri. Po na tregon si negociohet pa b\u00ebr\u00eb zgjedhje! Kam ardh\u00eb\u00a0 para jush n\u00eb PS.<\/em><\/p>\n<p><em>Senida Mesi: Ju ve\u00e7 do thoni po.<\/em><\/p>\n<p><em>Hilmi Sakti: Kam mbledh\u00eb vota fshat m\u00eb fshat&#8230;kam sjell\u00eb 800 vota k\u00ebtu. Prandaj dhe k\u00ebtu do votoj!<\/em><\/p>\n<p><em>K\u00ebrkohen 10 minuta pushim, q\u00eb t\u00eb dakord\u00ebsohen mendimet! Sillet kutia e votimit n\u00eb sall\u00eb!<\/em><\/p>\n<p><em>\u00a0Ora 22.00- rifillon mbledhja<\/em><\/p>\n<p><em>Luan Harusha: Ju b\u00ebj me dije \u00e7far\u00eb vendos\u00ebm bashk\u00eb me deputeten S.Mesi: P\u00ebr Kryetar KB do votoni Brisela Kadia, n\/Kryetar\u00eb: Arvit Osja, Tereze Brigja.<\/em><\/p>\n<p><em>Kandidat\u00eb p\u00ebr K\u00ebshill Qarku: Jona L\u00ebqejza, Sokol Zaimaj, Ardita Spahia, Lush Marku, Blediana Nika, Diana Muriqi, Hilmi Lakti.<\/em><\/p>\n<p><em>Mbedhjen e deklarojm\u00eb t\u00eb mbyllur!<\/em><\/p>\n","protected":false},"excerpt":{"rendered":"<p>N\u00ebse ndokush ka ende dyshime, se n\u00eb \u00e7far\u00eb gjendje e ka katandisur Partin\u00eb Socialiste, Edi Rama, mjafton q\u00eb t\u00eb lexoj\u00eb procesverbalin e m\u00eb posht\u00ebm t\u00eb mbledhjes q\u00eb \u00ebsht\u00eb mbajtur n\u00eb selin\u00eb e partis\u00eb t\u00eb k\u00ebtij qyteti, nj\u00eb dit\u00eb p\u00ebrpara konstituimit t\u00eb K\u00ebshillit Bashkiak t\u00eb bashkis\u00eb s\u00eb Shkodr\u00ebs. Shumica e kryesis\u00eb s\u00eb PS-s\u00eb dhe e k\u00ebshilltar\u00ebve [&hellip;]<\/p>\n","protected":false},"author":2013,"featured_media":99683,"comment_status":"open","ping_status":"closed","sticky":false,"template":"","format":"standard","meta":{"footnotes":""},"categories":[241,235],"tags":[],"class_list":{"0":"post-102394","1":"post","2":"type-post","3":"status-publish","4":"format-standard","5":"has-post-thumbnail","7":"category-aktualitet","8":"category-vendi"},"_links":{"self":[{"href":"https:\/\/zjarr.tv\/sq\/wp-json\/wp\/v2\/posts\/102394","targetHints":{"allow":["GET"]}}],"collection":[{"href":"https:\/\/zjarr.tv\/sq\/wp-json\/wp\/v2\/posts"}],"about":[{"href":"https:\/\/zjarr.tv\/sq\/wp-json\/wp\/v2\/types\/post"}],"author":[{"embeddable":true,"href":"https:\/\/zjarr.tv\/sq\/wp-json\/wp\/v2\/users\/2013"}],"replies":[{"embeddable":true,"href":"https:\/\/zjarr.tv\/sq\/wp-json\/wp\/v2\/comments?post=102394"}],"version-history":[{"count":0,"href":"https:\/\/zjarr.tv\/sq\/wp-json\/wp\/v2\/posts\/102394\/revisions"}],"wp:featuredmedia":[{"embeddable":true,"href":"https:\/\/zjarr.tv\/sq\/wp-json\/wp\/v2\/media\/99683"}],"wp:attachment":[{"href":"https:\/\/zjarr.tv\/sq\/wp-json\/wp\/v2\/media?parent=102394"}],"wp:term":[{"taxonomy":"category","embeddable":true,"href":"https:\/\/zjarr.tv\/sq\/wp-json\/wp\/v2\/categories?post=102394"},{"taxonomy":"post_tag","embeddable":true,"href":"https:\/\/zjarr.tv\/sq\/wp-json\/wp\/v2\/tags?post=102394"}],"curies":[{"name":"wp","href":"https:\/\/api.w.org\/{rel}","templated":true}]}}