{"id":102406,"date":"2019-08-20T13:34:17","date_gmt":"2019-08-20T11:34:17","guid":{"rendered":"https:\/\/zjarr.tv\/?p=102406"},"modified":"2019-08-20T13:34:17","modified_gmt":"2019-08-20T11:34:17","slug":"dorezohet-ne-kqz-doreheqja-e-valdrin-pjetrit-nga-bashkia-shkoder","status":"publish","type":"post","link":"https:\/\/zjarr.tv\/sq\/dorezohet-ne-kqz-doreheqja-e-valdrin-pjetrit-nga-bashkia-shkoder\/","title":{"rendered":"Dor\u00ebzohet n\u00eb KQZ dor\u00ebheqja e Valdrin Pjetrit nga bashkia Shkod\u00ebr"},"content":{"rendered":"<p>Dor\u00ebzohet n\u00eb KQZ, dor\u00ebheqja e Valdrin Pjetrit nga kryetar i Bashkis\u00eb Shkod\u00ebr. Kryetarja e K\u00ebshillit Bashkiak Shkod\u00ebr Brisela Kadia informoi mbi vakanc\u00ebn n\u00eb krye t\u00eb bashkis\u00eb.<\/p>\n<p>KQZ duhet t\u00eb shqyrtoj\u00eb k\u00ebrkes\u00ebn p\u00ebr t\u00eb shpallur pavlefshm\u00ebrin\u00eb e mandatit t\u00eb Valdrin Pjetrit si kryetar bashkie.<\/p>\n<p>Valdrin Pjetri dha\u00a0dor\u00ebheqjen nga mandati i kryebashkiakut t\u00eb Shkodr\u00ebs pes\u00eb dit\u00eb m\u00eb par\u00eb,\u00a0pas akuzave t\u00eb hedhur nga opozita se ai \u00ebsht\u00eb d\u00ebnuar n\u00eb Itali p\u00ebr trafik droge.<\/p>\n<p>Dit\u00ebn e djeshme (19 gusht) n\u00eb Shkod\u00ebr\u00a0u konstituua k\u00ebshilli bashkiak,\u00a0ku Brisela Kadia u zgjidh kryetare.<\/p>\n<p>Nga ana e saj opozita zhvilloi nj\u00eb protest\u00eb duke konsideruar ilegjitim konstituimin e keshillit bashkiak. Kryetarja e bashkis\u00eb, Voltana Ademi tha se do t\u00eb vazhdoj\u00eb t\u00eb mbaj\u00eb detyr\u00ebn deri n\u00eb mbajtjen e zgjedhjeve t\u00eb lira dhe t\u00eb ndershme.<\/p>\n","protected":false},"excerpt":{"rendered":"<p>Dor\u00ebzohet n\u00eb KQZ, dor\u00ebheqja e Valdrin Pjetrit nga kryetar i Bashkis\u00eb Shkod\u00ebr. Kryetarja e K\u00ebshillit Bashkiak Shkod\u00ebr Brisela Kadia informoi mbi vakanc\u00ebn n\u00eb krye t\u00eb bashkis\u00eb. KQZ duhet t\u00eb shqyrtoj\u00eb k\u00ebrkes\u00ebn p\u00ebr t\u00eb shpallur pavlefshm\u00ebrin\u00eb e mandatit t\u00eb Valdrin Pjetrit si kryetar bashkie. Valdrin Pjetri dha\u00a0dor\u00ebheqjen nga mandati i kryebashkiakut t\u00eb Shkodr\u00ebs pes\u00eb dit\u00eb m\u00eb [&hellip;]<\/p>\n","protected":false},"author":2013,"featured_media":100127,"comment_status":"open","ping_status":"closed","sticky":false,"template":"","format":"standard","meta":{"footnotes":""},"categories":[241,235],"tags":[],"class_list":{"0":"post-102406","1":"post","2":"type-post","3":"status-publish","4":"format-standard","5":"has-post-thumbnail","7":"category-aktualitet","8":"category-vendi"},"_links":{"self":[{"href":"https:\/\/zjarr.tv\/sq\/wp-json\/wp\/v2\/posts\/102406","targetHints":{"allow":["GET"]}}],"collection":[{"href":"https:\/\/zjarr.tv\/sq\/wp-json\/wp\/v2\/posts"}],"about":[{"href":"https:\/\/zjarr.tv\/sq\/wp-json\/wp\/v2\/types\/post"}],"author":[{"embeddable":true,"href":"https:\/\/zjarr.tv\/sq\/wp-json\/wp\/v2\/users\/2013"}],"replies":[{"embeddable":true,"href":"https:\/\/zjarr.tv\/sq\/wp-json\/wp\/v2\/comments?post=102406"}],"version-history":[{"count":0,"href":"https:\/\/zjarr.tv\/sq\/wp-json\/wp\/v2\/posts\/102406\/revisions"}],"wp:featuredmedia":[{"embeddable":true,"href":"https:\/\/zjarr.tv\/sq\/wp-json\/wp\/v2\/media\/100127"}],"wp:attachment":[{"href":"https:\/\/zjarr.tv\/sq\/wp-json\/wp\/v2\/media?parent=102406"}],"wp:term":[{"taxonomy":"category","embeddable":true,"href":"https:\/\/zjarr.tv\/sq\/wp-json\/wp\/v2\/categories?post=102406"},{"taxonomy":"post_tag","embeddable":true,"href":"https:\/\/zjarr.tv\/sq\/wp-json\/wp\/v2\/tags?post=102406"}],"curies":[{"name":"wp","href":"https:\/\/api.w.org\/{rel}","templated":true}]}}