{"id":102581,"date":"2019-08-21T13:16:26","date_gmt":"2019-08-21T11:16:26","guid":{"rendered":"https:\/\/zjarr.tv\/?p=102581"},"modified":"2019-08-21T13:16:26","modified_gmt":"2019-08-21T11:16:26","slug":"berisha-rruga-e-lal-plehut-qe-shtrohet-e-shkaterrohet-vidh-e-vidh","status":"publish","type":"post","link":"https:\/\/zjarr.tv\/sq\/berisha-rruga-e-lal-plehut-qe-shtrohet-e-shkaterrohet-vidh-e-vidh\/","title":{"rendered":"Berisha: Rruga e Lal Plehut q\u00eb shtrohet e shkat\u00ebrrohet, vidh e vidh&#8230;"},"content":{"rendered":"<p>Qytetar\u00ebt t\u00eb lodhur e t\u00eb stresuar nga pluhuri dhe rr\u00ebmuja e nd\u00ebrtimeve n\u00eb Tiran\u00eb kan\u00eb ngritur z\u00ebrin sot p\u00ebr nj\u00eb grop\u00eb t\u00eb st\u00ebrmadhe uj\u00ebrash t\u00eb zeza q\u00eb \u00ebsht\u00eb rihapur s\u00ebrish p\u00ebr t\u00eb disat\u00ebn her\u00eb n\u00eb t\u00eb nj\u00ebjt\u00ebn rrug\u00eb n\u00eb Laprak\u00eb, t\u00eb cil\u00ebn kryebashkiaku Erion Veliaj e kishte p\u00ebruruar.<\/p>\n<p>Ish-kryeministri Berisha, q\u00eb e ka marr\u00eb denoncimin e tyre, n\u00eb mesazhin e m\u00ebposht\u00ebm demaskon pik\u00ebrisht kryebashkiakun e Tiran\u00ebs dhe propagand\u00ebn e tij q\u00eb tenton t\u2019u hedh\u00eb hi syve t\u00eb njer\u00ebzve: \u201cRruga e Lal Plehut, q\u00eb shtrohet dhe shkat\u00ebrrohet \u00e7do 5 dit\u00eb! Vidh e vidh nuk ka t\u00eb sosur! Lexoni mesazhin e qytetarit dixhital,\u201d fton Berisha.<\/p>\n<div class=\"in-artile-read-more\">\n<h2><\/h2>\n<\/div>\n<blockquote><p>Doktor, p\u00ebrsh\u00ebndetje.<\/p>\n<div id=\"rekl-13\">\n<div id=\"__sap-ad-15\" class=\"__sap-ads __sap-html tracked\" data-title=\"Credins desktop 08\"><ins><\/p>\n<div id=\"beacon_5f39e7a09d\"><img loading=\"lazy\" decoding=\"async\" src=\"https:\/\/ads1.medium.al\/www\/delivery\/lg.php?bannerid=373&amp;campaignid=48&amp;zoneid=182&amp;loc=https%3A%2F%2Fwww.syri.net%2Fpolitike%2F275337%2Fberisha-rruga-e-lal-plehut-qe-shtrohet-e-shkaterrohet-vidh-e-vidh%2F&amp;referer=https%3A%2F%2Fwww.syri.net%2Flajme%2F&amp;cb=5f39e7a09d\" alt=\"\" width=\"0\" height=\"0\" \/><\/div>\n<p><\/ins><\/div>\n<\/div>\n<div id=\"rekl-4\"><\/div>\n<p>Jemi tek rruga \u201cAzem Galica\u201d n\u00eb Laprak\u00eb.<\/p>\n<p>Para 4 vitesh Lal Plehu i preu shiritin p\u00ebr inaugurim. Gjat\u00eb k\u00ebsaj kohe \u00ebsht\u00eb prishur edhe disa her\u00eb t\u00eb tjera, sepse nuk kishin b\u00ebr\u00eb kanalizime.<\/p>\n<p>P\u00ebrs\u00ebri para 1 muaj e gjysm\u00eb u shkat\u00ebrrua totalisht nga kjo firm\u00eb q\u00eb shikoni k\u00ebtu n\u00eb foto(q\u00eb s\u2019ka nevoj\u00eb shum\u00eb p\u00ebr komente se e kujt \u00ebsht\u00eb) dhe n\u00eb t\u00eb u vendos nj\u00eb tub i madh i ujit t\u00eb pijsh\u00ebm dhe gjat\u00eb gjith\u00eb ver\u00ebs na mbyti pluhuri.<\/p>\n<p>Nuk i kemi mbajtur 1 dit\u00eb dyer dhe dritare hapur dhe as rrobat t\u00eb nderim n\u00eb tel nuk mund t\u2019i vendosnim prej pluhurit t\u00eb tmerrsh\u00ebm q\u00eb krijohej. U rind\u00ebrtua dhe u b\u00eb asfaltimi i ri i komplet rrug\u00ebs si\u00e7 duket edhe tek fotoja, asfalti i ri.<\/p>\n<p>Tani para 5 dit\u00ebsh p\u00ebrs\u00ebri kjo kompani nd\u00ebrtimi u kujtua se duhet t\u00eb vendos\u00eb edhe tubat e uj\u00ebrave t\u00eb zeza dhe e rihap prap\u00eb k\u00ebt\u00eb grop\u00eb t\u00eb st\u00ebrmadhe, pa asnj\u00eb mas\u00eb sigurie anash, q\u00eb larg o Zot t\u00eb bjeri ndonj\u00eb f\u00ebmij\u00eb n\u00eb t\u00eb.<\/p>\n<p>T\u00eb p\u00ebrsh\u00ebndes.<\/p><\/blockquote>\n","protected":false},"excerpt":{"rendered":"<p>Qytetar\u00ebt t\u00eb lodhur e t\u00eb stresuar nga pluhuri dhe rr\u00ebmuja e nd\u00ebrtimeve n\u00eb Tiran\u00eb kan\u00eb ngritur z\u00ebrin sot p\u00ebr nj\u00eb grop\u00eb t\u00eb st\u00ebrmadhe uj\u00ebrash t\u00eb zeza q\u00eb \u00ebsht\u00eb rihapur s\u00ebrish p\u00ebr t\u00eb disat\u00ebn her\u00eb n\u00eb t\u00eb nj\u00ebjt\u00ebn rrug\u00eb n\u00eb Laprak\u00eb, t\u00eb cil\u00ebn kryebashkiaku Erion Veliaj e kishte p\u00ebruruar. Ish-kryeministri Berisha, q\u00eb e ka marr\u00eb denoncimin [&hellip;]<\/p>\n","protected":false},"author":2013,"featured_media":90114,"comment_status":"open","ping_status":"closed","sticky":false,"template":"","format":"standard","meta":{"footnotes":""},"categories":[241,235],"tags":[],"class_list":{"0":"post-102581","1":"post","2":"type-post","3":"status-publish","4":"format-standard","5":"has-post-thumbnail","7":"category-aktualitet","8":"category-vendi"},"_links":{"self":[{"href":"https:\/\/zjarr.tv\/sq\/wp-json\/wp\/v2\/posts\/102581","targetHints":{"allow":["GET"]}}],"collection":[{"href":"https:\/\/zjarr.tv\/sq\/wp-json\/wp\/v2\/posts"}],"about":[{"href":"https:\/\/zjarr.tv\/sq\/wp-json\/wp\/v2\/types\/post"}],"author":[{"embeddable":true,"href":"https:\/\/zjarr.tv\/sq\/wp-json\/wp\/v2\/users\/2013"}],"replies":[{"embeddable":true,"href":"https:\/\/zjarr.tv\/sq\/wp-json\/wp\/v2\/comments?post=102581"}],"version-history":[{"count":0,"href":"https:\/\/zjarr.tv\/sq\/wp-json\/wp\/v2\/posts\/102581\/revisions"}],"wp:featuredmedia":[{"embeddable":true,"href":"https:\/\/zjarr.tv\/sq\/wp-json\/wp\/v2\/media\/90114"}],"wp:attachment":[{"href":"https:\/\/zjarr.tv\/sq\/wp-json\/wp\/v2\/media?parent=102581"}],"wp:term":[{"taxonomy":"category","embeddable":true,"href":"https:\/\/zjarr.tv\/sq\/wp-json\/wp\/v2\/categories?post=102581"},{"taxonomy":"post_tag","embeddable":true,"href":"https:\/\/zjarr.tv\/sq\/wp-json\/wp\/v2\/tags?post=102581"}],"curies":[{"name":"wp","href":"https:\/\/api.w.org\/{rel}","templated":true}]}}