{"id":102583,"date":"2019-08-21T13:17:06","date_gmt":"2019-08-21T11:17:06","guid":{"rendered":"https:\/\/zjarr.tv\/?p=102583"},"modified":"2019-08-21T13:17:06","modified_gmt":"2019-08-21T11:17:06","slug":"plagoje-me-arme-ne-shkoder","status":"publish","type":"post","link":"https:\/\/zjarr.tv\/sq\/plagoje-me-arme-ne-shkoder\/","title":{"rendered":"Plagoje me arm\u00eb n\u00eb Shkod\u00ebr"},"content":{"rendered":"<p>Nj\u00eb ngjarje e r\u00ebnd\u00eb \u00ebsht\u00eb sh\u00ebnuar gjat\u00eb dit\u00ebs s\u00eb sotme n\u00eb Shkod\u00ebr.<\/p>\n<p>Mesohet se person \u00ebsht\u00eb gjetur i plagosur me arm\u00eb zjarri n\u00eb Bushat t\u00eb Shkodr\u00ebs.<\/p>\n<p>Personi i plagosur po transportohet p\u00ebr n\u00eb spitalin e qytetit.<\/p>\n","protected":false},"excerpt":{"rendered":"<p>Nj\u00eb ngjarje e r\u00ebnd\u00eb \u00ebsht\u00eb sh\u00ebnuar gjat\u00eb dit\u00ebs s\u00eb sotme n\u00eb Shkod\u00ebr. Mesohet se person \u00ebsht\u00eb gjetur i plagosur me arm\u00eb zjarri n\u00eb Bushat t\u00eb Shkodr\u00ebs. Personi i plagosur po transportohet p\u00ebr n\u00eb spitalin e qytetit.<\/p>\n","protected":false},"author":2013,"featured_media":38161,"comment_status":"open","ping_status":"closed","sticky":false,"template":"","format":"standard","meta":{"footnotes":""},"categories":[241,235],"tags":[],"class_list":{"0":"post-102583","1":"post","2":"type-post","3":"status-publish","4":"format-standard","5":"has-post-thumbnail","7":"category-aktualitet","8":"category-vendi"},"_links":{"self":[{"href":"https:\/\/zjarr.tv\/sq\/wp-json\/wp\/v2\/posts\/102583","targetHints":{"allow":["GET"]}}],"collection":[{"href":"https:\/\/zjarr.tv\/sq\/wp-json\/wp\/v2\/posts"}],"about":[{"href":"https:\/\/zjarr.tv\/sq\/wp-json\/wp\/v2\/types\/post"}],"author":[{"embeddable":true,"href":"https:\/\/zjarr.tv\/sq\/wp-json\/wp\/v2\/users\/2013"}],"replies":[{"embeddable":true,"href":"https:\/\/zjarr.tv\/sq\/wp-json\/wp\/v2\/comments?post=102583"}],"version-history":[{"count":0,"href":"https:\/\/zjarr.tv\/sq\/wp-json\/wp\/v2\/posts\/102583\/revisions"}],"wp:featuredmedia":[{"embeddable":true,"href":"https:\/\/zjarr.tv\/sq\/wp-json\/wp\/v2\/media\/38161"}],"wp:attachment":[{"href":"https:\/\/zjarr.tv\/sq\/wp-json\/wp\/v2\/media?parent=102583"}],"wp:term":[{"taxonomy":"category","embeddable":true,"href":"https:\/\/zjarr.tv\/sq\/wp-json\/wp\/v2\/categories?post=102583"},{"taxonomy":"post_tag","embeddable":true,"href":"https:\/\/zjarr.tv\/sq\/wp-json\/wp\/v2\/tags?post=102583"}],"curies":[{"name":"wp","href":"https:\/\/api.w.org\/{rel}","templated":true}]}}