{"id":102585,"date":"2019-08-21T14:22:44","date_gmt":"2019-08-21T12:22:44","guid":{"rendered":"https:\/\/zjarr.tv\/?p=102585"},"modified":"2019-08-21T14:22:44","modified_gmt":"2019-08-21T12:22:44","slug":"bardhi-kalimi-i-dosjes-184-ne-diber-eshte-varrosja-e-hetimeve","status":"publish","type":"post","link":"https:\/\/zjarr.tv\/sq\/bardhi-kalimi-i-dosjes-184-ne-diber-eshte-varrosja-e-hetimeve\/","title":{"rendered":"Bardhi: Kalimi i dosjes 184 n\u00eb Dib\u00ebr \u00ebsht\u00eb \u201cvarrosja e hetimeve\u201d"},"content":{"rendered":"<p>Sekretari i p\u00ebrgjithsh\u00ebm i Partis\u00eb Demokratike, Gazment Bardhi nga selia blu ka reaguar n\u00eb lidhje me \u201cDosjen 184\u201d, Ku Prokuroria e Krimeve t\u00eb R\u00ebnda shpalli moskompetenc\u00eb dhe dosjen n\u00eb fjal\u00eb ia kaloi Prokuroris\u00eb s\u00eb Dibr\u00ebs. Sipas tij, heqja dor\u00eb nga hetimet, \u00ebsht\u00eb shenj\u00eb e past\u00ebr se bandave q\u00eb vodh\u00ebn zgjedhjet u \u00ebsht\u00eb garantuar paprekshm\u00ebria.<\/p>\n<div id=\"sovrn\" class=\"desktop_ad ad_bottom_space\"><\/div>\n<h2><strong>\u00a0Fjala e plot\u00eb:<\/strong><\/h2>\n<p>Prokuroria e Krimeve t\u00eb R\u00ebnda ka pushuar s\u00eb ekzistuari si e till\u00eb dhe me urdh\u00ebr t\u00eb Edi Ram\u00ebs, \u00ebsht\u00eb shnd\u00ebrruar n\u00eb nj\u00eb prokurori private q\u00eb nuk nd\u00ebshkon krimin e vjedhjes s\u00eb zgjedhjeve, por e mbron at\u00eb.\u00a0 Sot, media zbuloi vendimin skandaloz p\u00ebr t\u00eb varrosur dosjen 184 t\u00eb vjedhjes s\u00eb zgjedhjeve n\u00eb Dib\u00ebr. Pasi bllokoi p\u00ebr 3 vjet hetimin e dosjes 184, Prokuroria e Krimeve t\u00eb R\u00ebnda ka hequr dor\u00eb nga hetimi i saj, duke vendosur n\u00eb fsheht\u00ebsi moskompetenc\u00ebn.<br \/>\nPasi u d\u00ebshtoi plani i mbylljes s\u00eb hetimeve n\u00eb heshtje dhe pa transparenc\u00eb, kalimi i dosjes n\u00eb Prokurorin\u00eb e Dibr\u00ebs \u00ebsht\u00eb praktikisht m\u00ebnyra p\u00ebr varrosjen e hetimeve p\u00ebr vjedhjen e zgjedhjeve.<\/p>\n<p>Publikimi i p\u00ebrgjimeve nga gazeta prestigjoze gjermane BILD u faktoi shqiptar\u00ebve se n\u00eb vjedhjen e zgjedhjeve n\u00eb Dib\u00ebr, partia n\u00eb pushtet kishte vepruar si nj\u00eb organizat\u00eb e mir\u00ebfillt\u00eb kriminale.<\/p>\n<div id=\"pa_1x1_psbk_1566390153556\"><\/div>\n<p>Shqiptar\u00ebt d\u00ebgjuan m\u00eb z\u00eb sesi n\u00eb krye t\u00eb organizat\u00ebs kriminale t\u00eb vjedhjes s\u00eb zgjedhjeve ishte personalisht Edi Rama.<br \/>\nHeqja dor\u00eb nga hetimi prej Prokuroris\u00eb s\u00eb Krimeve t\u00eb R\u00ebnda \u00ebsht\u00eb skenari q\u00eb i siguron paprekshm\u00ebri Edi Ram\u00ebs, Damian Gjiknurit, Pjerin Nderut, Ulsi Manj\u00ebs, Arben Keshit, Dionis Imerajt, Valbona Sakos dhe t\u00eb gjith\u00eb band\u00ebs s\u00eb partis\u00eb n\u00eb pushtet, t\u00eb kapur n\u00eb flagranc\u00eb me p\u00ebrgjime t\u00eb ligjshme t\u00eb vet\u00eb prokuroris\u00eb.<br \/>\nHeqja dor\u00eb nga hetimi dhe kalimi i dosjes n\u00eb Prokurorin\u00eb e Dibr\u00ebs, me urgjenc\u00eb dhe n\u00eb fsheht\u00ebsi, n\u00eb prag t\u00eb ngritjes s\u00eb SPAKU-t, \u00ebsht\u00eb qartazi shmangie e kalimit t\u00eb k\u00ebsaj dosje tek SPAK-u.<br \/>\nHeqja dor\u00eb nga hetimi i Prokuroris\u00eb s\u00eb Krimeve t\u00eb R\u00ebnda \u00ebsht\u00eb prov\u00eb sesi hajdut\u00ebt e zgjedhjeve nuk nd\u00ebshkohen, por mbrohen nga prokuroria e kontrolluar t\u00ebr\u00ebsisht nga Edi Rama.<\/p>\n<p>Duke marr\u00eb n\u00eb mbrojtje organizat\u00ebn kriminale t\u00eb vjedhjes s\u00eb zgjedhjeve n\u00eb Dib\u00ebr, nj\u00eblloj si\u00e7 po merren n\u00eb mbrojtje edhe bandat e vjedhjes s\u00eb zgjedhjeve n\u00eb Durr\u00ebs, Lezh\u00eb, Tiran\u00eb dhe Elbasan, provohet se p\u00ebrsa koh\u00eb Edi Rama \u00ebsht\u00eb n\u00eb Qeveri, n\u00eb Shqip\u00ebri nuk ka p\u00ebr t\u00eb patur kurr\u00eb zgjedhje t\u00eb lira dhe t\u00eb ndershme.<\/p>\n<p>Mbyllja e dosjes 184 duke e varrosur at\u00eb n\u00eb Dib\u00ebr, larg v\u00ebmendjes publike, nuk ka p\u00ebr ta shp\u00ebtuar Edi Ram\u00ebn nga p\u00ebrgjegj\u00ebsia e tij direkte p\u00ebr vjedhjen e zgjedhjeve. Edi Rama mund t\u00eb ket\u00eb hequr qafe p\u00ebr pak koh\u00eb SPAK-un, por ai nuk mund t\u00eb heq\u00eb dot qafe shqiptar\u00ebt, shumica e t\u00eb cil\u00ebve k\u00ebrkojn\u00eb largimin e tij.<\/p>\n","protected":false},"excerpt":{"rendered":"<p>Sekretari i p\u00ebrgjithsh\u00ebm i Partis\u00eb Demokratike, Gazment Bardhi nga selia blu ka reaguar n\u00eb lidhje me \u201cDosjen 184\u201d, Ku Prokuroria e Krimeve t\u00eb R\u00ebnda shpalli moskompetenc\u00eb dhe dosjen n\u00eb fjal\u00eb ia kaloi Prokuroris\u00eb s\u00eb Dibr\u00ebs. Sipas tij, heqja dor\u00eb nga hetimet, \u00ebsht\u00eb shenj\u00eb e past\u00ebr se bandave q\u00eb vodh\u00ebn zgjedhjet u \u00ebsht\u00eb garantuar paprekshm\u00ebria. \u00a0Fjala [&hellip;]<\/p>\n","protected":false},"author":2013,"featured_media":88543,"comment_status":"open","ping_status":"closed","sticky":false,"template":"","format":"standard","meta":{"footnotes":""},"categories":[241,235],"tags":[],"class_list":{"0":"post-102585","1":"post","2":"type-post","3":"status-publish","4":"format-standard","5":"has-post-thumbnail","7":"category-aktualitet","8":"category-vendi"},"_links":{"self":[{"href":"https:\/\/zjarr.tv\/sq\/wp-json\/wp\/v2\/posts\/102585","targetHints":{"allow":["GET"]}}],"collection":[{"href":"https:\/\/zjarr.tv\/sq\/wp-json\/wp\/v2\/posts"}],"about":[{"href":"https:\/\/zjarr.tv\/sq\/wp-json\/wp\/v2\/types\/post"}],"author":[{"embeddable":true,"href":"https:\/\/zjarr.tv\/sq\/wp-json\/wp\/v2\/users\/2013"}],"replies":[{"embeddable":true,"href":"https:\/\/zjarr.tv\/sq\/wp-json\/wp\/v2\/comments?post=102585"}],"version-history":[{"count":0,"href":"https:\/\/zjarr.tv\/sq\/wp-json\/wp\/v2\/posts\/102585\/revisions"}],"wp:featuredmedia":[{"embeddable":true,"href":"https:\/\/zjarr.tv\/sq\/wp-json\/wp\/v2\/media\/88543"}],"wp:attachment":[{"href":"https:\/\/zjarr.tv\/sq\/wp-json\/wp\/v2\/media?parent=102585"}],"wp:term":[{"taxonomy":"category","embeddable":true,"href":"https:\/\/zjarr.tv\/sq\/wp-json\/wp\/v2\/categories?post=102585"},{"taxonomy":"post_tag","embeddable":true,"href":"https:\/\/zjarr.tv\/sq\/wp-json\/wp\/v2\/tags?post=102585"}],"curies":[{"name":"wp","href":"https:\/\/api.w.org\/{rel}","templated":true}]}}