{"id":102587,"date":"2019-08-21T13:31:31","date_gmt":"2019-08-21T11:31:31","guid":{"rendered":"https:\/\/zjarr.tv\/?p=102587"},"modified":"2019-08-21T13:31:31","modified_gmt":"2019-08-21T11:31:31","slug":"kriza-po-shkaterron-gjithcka-zgjedhjet-i-vetmi-shpetim-te-tjerat-jane-fjale","status":"publish","type":"post","link":"https:\/\/zjarr.tv\/sq\/kriza-po-shkaterron-gjithcka-zgjedhjet-i-vetmi-shpetim-te-tjerat-jane-fjale\/","title":{"rendered":"Kriza po shkat\u00ebrron gjith\u00e7ka, zgjedhjet i vetmi shp\u00ebtim, t\u00eb tjerat jan\u00eb fjal\u00eb&#8230;."},"content":{"rendered":"<p><strong>Nga Petrit Vasili\/<\/strong><\/p>\n<p>Kriza po shkat\u00ebrron gjithshka zgjedhjet i vetmi shp\u00ebtim, t\u00eb tjerat jan\u00eb fjal\u00eb&#8230;.<\/p>\n<p>Kriza n\u00eb Shqip\u00ebri po shkat\u00ebrron gjithshka.<\/p>\n<p>Kriz\u00eb shkat\u00ebrrimtare p\u00ebrfaqesimi, e shtetit ligjor, e besimit, e kredibilitetit, ekonomike dhe sociale \u00ebsht\u00eb kjo kriza e gjith\u00ebanshme dhe m\u00eb e r\u00ebnda e pluralizmit, q\u00eb po torturon vendin.<\/p>\n<p>\u00c7do lloj hezitimi, takticizmi apo t\u00ebrheqje p\u00ebrpara sakrificave t\u00eb domosdoshme e t\u00eb paevitueshme p\u00ebr zgjidhjen e menj\u00ebhershme t\u00eb kriz\u00ebs \u00ebsht\u00eb asgj\u00eb p\u00ebrpara efekteve t\u00eb saj shkat\u00ebrrimtare shum\u00ebvje\u00e7are.<\/p>\n<p>Rreziku i nj\u00eb krize pa kthim \u00ebsht\u00eb nj\u00eb fakt, \u00ebsht\u00eb nj\u00eb imperative kritike dhe q\u00eb kap\u00ebrcen \u00e7do lloj maxhorance.<\/p>\n<p>Kriza pa kthim duhet ndalur sot sepse dimensioni i saj \u00ebsht\u00eb i till\u00eb sa q\u00eb \u00e7do dritshkurt\u00ebsi do t\u00eb ishte vet\u00ebvras\u00ebse.<\/p>\n<p>Rilindja ka gatuar nj\u00eb kriz\u00eb shum\u00eb t\u00eb r\u00ebnd\u00eb, q\u00eb i leverdis vet\u00ebm asaj dhe qellimeve t\u00eb zeza t\u00eb saj p\u00ebr t\u00eb mbajtur n\u00eb k\u00ebmbe antishtetin, q\u00eb e pasuron pa fund at\u00eb vet\u00eb dhe dekurajon nj\u00eb popull t\u00eb t\u00ebr\u00eb duke i len\u00eb si zgjidhje largimin e d\u00ebshp\u00ebruar jasht\u00eb vendit.<\/p>\n<p>P\u00ebrballja me krizen dhe rilindjen, q\u00eb e prodhoi kriz\u00ebn \u00ebsht\u00eb e pashmangshme.<\/p>\n<p>\u00c7do dit\u00eb e humbur do t\u00eb thot\u00eb nj\u00eb dit\u00eb m\u00eb shum\u00eb n\u00eb favor t\u00eb rilindjes dhe shpopullimit komb\u00ebtar duke krijuar p\u00ebrfundimisht Shqip\u00ebrin\u00eb m\u00eb t\u00eb keqe, q\u00eb nuk i duhet m\u00eb askujt dhe asnj\u00eb njeriu normal, por vet\u00ebm gangster\u00ebve q\u00eb kan\u00eb pushtuar sot qeverisjen e vendit.<\/p>\n<p>Sot dhe vet\u00ebm sot t\u00eb gjith\u00eb shqiptar\u00ebt, q\u00eb duan t\u00eb shp\u00ebtojn\u00eb vendin, por ve\u00e7an\u00ebrisht t\u00eb gjith\u00eb ata, q\u00eb kan\u00eb p\u00ebrgjegj\u00ebsin\u00eb t\u00eb udh\u00ebheqin opozit\u00ebn politike jan\u00eb p\u00ebrpara nj\u00eb prove p\u00ebr ndershm\u00ebrin\u00eb e tyre edhe individuale ndaj interesave t\u00eb vendit.<\/p>\n<p>Asnje alibi nuk mund t\u00eb ket\u00eb p\u00ebr askend n\u00eb rast se nuk e ndalin krizen sot.<\/p>\n<p>Nje dit\u00eb e humbur sot jan\u00eb vite t\u00eb tera t\u00eb humbura dhe t\u00eb parikuperueshme nes\u00ebr.<\/p>\n<p>Qeverisja e neserme nuk mund t\u00eb nd\u00ebrtohet mbi nj\u00eb shkat\u00ebrrim pa kthim sot, sepse do b\u00ebnte t\u00eb pavler\u00eb e paefekt edhe qeverisjen q\u00eb do t\u00eb kishte qellimet m\u00eb t\u00eb mira.<\/p>\n<p>Shqip\u00ebria \u00ebsht\u00eb sot si nj\u00eb i s\u00ebmur\u00eb n\u00eb agoni dhe opozita ka detyr\u00ebn q\u00eb sot, menjeher\u00eb dhe me \u00e7do \u00e7mim ta shp\u00ebtoj\u00eb nga vdekja dhe jo t\u00eb qaj\u00eb e vajtoj\u00eb mbi kufom\u00ebn e saj.<\/p>\n<p>Ka vet\u00ebm nj\u00eb ila\u00e7, ka vet\u00ebm nj\u00eb kur\u00eb, ka vet\u00ebm nj\u00eb mjekim ai \u00ebsht\u00eb zgjedhjet e lira dhe t\u00eb ndershme sa m\u00eb par\u00eb.<\/p>\n<p>Shmangia nga ky mjekim i vet\u00ebm shp\u00ebtimtar, q\u00eb jan\u00eb zgjedhjet, do ta b\u00ebnte bashk\u00ebfajtor\u00eb t\u00eb gjith\u00eb&#8230;<\/p>\n<p>&nbsp;<\/p>\n","protected":false},"excerpt":{"rendered":"<p>Nga Petrit Vasili\/ Kriza po shkat\u00ebrron gjithshka zgjedhjet i vetmi shp\u00ebtim, t\u00eb tjerat jan\u00eb fjal\u00eb&#8230;. Kriza n\u00eb Shqip\u00ebri po shkat\u00ebrron gjithshka. Kriz\u00eb shkat\u00ebrrimtare p\u00ebrfaqesimi, e shtetit ligjor, e besimit, e kredibilitetit, ekonomike dhe sociale \u00ebsht\u00eb kjo kriza e gjith\u00ebanshme dhe m\u00eb e r\u00ebnda e pluralizmit, q\u00eb po torturon vendin. \u00c7do lloj hezitimi, takticizmi apo t\u00ebrheqje [&hellip;]<\/p>\n","protected":false},"author":2013,"featured_media":61564,"comment_status":"open","ping_status":"closed","sticky":false,"template":"","format":"standard","meta":{"footnotes":""},"categories":[241,235],"tags":[],"class_list":{"0":"post-102587","1":"post","2":"type-post","3":"status-publish","4":"format-standard","5":"has-post-thumbnail","7":"category-aktualitet","8":"category-vendi"},"_links":{"self":[{"href":"https:\/\/zjarr.tv\/sq\/wp-json\/wp\/v2\/posts\/102587","targetHints":{"allow":["GET"]}}],"collection":[{"href":"https:\/\/zjarr.tv\/sq\/wp-json\/wp\/v2\/posts"}],"about":[{"href":"https:\/\/zjarr.tv\/sq\/wp-json\/wp\/v2\/types\/post"}],"author":[{"embeddable":true,"href":"https:\/\/zjarr.tv\/sq\/wp-json\/wp\/v2\/users\/2013"}],"replies":[{"embeddable":true,"href":"https:\/\/zjarr.tv\/sq\/wp-json\/wp\/v2\/comments?post=102587"}],"version-history":[{"count":0,"href":"https:\/\/zjarr.tv\/sq\/wp-json\/wp\/v2\/posts\/102587\/revisions"}],"wp:featuredmedia":[{"embeddable":true,"href":"https:\/\/zjarr.tv\/sq\/wp-json\/wp\/v2\/media\/61564"}],"wp:attachment":[{"href":"https:\/\/zjarr.tv\/sq\/wp-json\/wp\/v2\/media?parent=102587"}],"wp:term":[{"taxonomy":"category","embeddable":true,"href":"https:\/\/zjarr.tv\/sq\/wp-json\/wp\/v2\/categories?post=102587"},{"taxonomy":"post_tag","embeddable":true,"href":"https:\/\/zjarr.tv\/sq\/wp-json\/wp\/v2\/tags?post=102587"}],"curies":[{"name":"wp","href":"https:\/\/api.w.org\/{rel}","templated":true}]}}