{"id":102595,"date":"2019-08-21T14:13:11","date_gmt":"2019-08-21T12:13:11","guid":{"rendered":"https:\/\/zjarr.tv\/?p=102595"},"modified":"2019-08-21T14:13:11","modified_gmt":"2019-08-21T12:13:11","slug":"marrin-zjarr-ullishtet-ne-fier-zjarrfikesit-ne-lufte-me-flaket","status":"publish","type":"post","link":"https:\/\/zjarr.tv\/sq\/marrin-zjarr-ullishtet-ne-fier-zjarrfikesit-ne-lufte-me-flaket\/","title":{"rendered":"Marrin zjarr ullishtet n\u00eb Fier, zjarrfik\u00ebsit n\u00eb luft\u00eb me flak\u00ebt"},"content":{"rendered":"<p>Nj\u00eb zjarr i madh ka p\u00ebrfshir\u00eb ullishtet n\u00eb fshatin Peshtan t\u00eb Fierit. N\u00eb vendin e ngjarjes kan\u00eb mb\u00ebrritur zjarrfik\u00ebsit e Fieri dhe t\u00eb Patosit si dhe forcat e Policis\u00eb.\u00a0Nd\u00ebrkoh\u00eb q\u00eb po punohet p\u00ebr shuarjen e zjarrit, 300 rr\u00ebnj\u00eb ullinj deri tani jan\u00eb shfarosur.<\/p>\n","protected":false},"excerpt":{"rendered":"<p>Nj\u00eb zjarr i madh ka p\u00ebrfshir\u00eb ullishtet n\u00eb fshatin Peshtan t\u00eb Fierit. N\u00eb vendin e ngjarjes kan\u00eb mb\u00ebrritur zjarrfik\u00ebsit e Fieri dhe t\u00eb Patosit si dhe forcat e Policis\u00eb.\u00a0Nd\u00ebrkoh\u00eb q\u00eb po punohet p\u00ebr shuarjen e zjarrit, 300 rr\u00ebnj\u00eb ullinj deri tani jan\u00eb shfarosur.<\/p>\n","protected":false},"author":2013,"featured_media":102596,"comment_status":"open","ping_status":"closed","sticky":false,"template":"","format":"standard","meta":{"footnotes":""},"categories":[241,235],"tags":[],"class_list":{"0":"post-102595","1":"post","2":"type-post","3":"status-publish","4":"format-standard","5":"has-post-thumbnail","7":"category-aktualitet","8":"category-vendi"},"_links":{"self":[{"href":"https:\/\/zjarr.tv\/sq\/wp-json\/wp\/v2\/posts\/102595","targetHints":{"allow":["GET"]}}],"collection":[{"href":"https:\/\/zjarr.tv\/sq\/wp-json\/wp\/v2\/posts"}],"about":[{"href":"https:\/\/zjarr.tv\/sq\/wp-json\/wp\/v2\/types\/post"}],"author":[{"embeddable":true,"href":"https:\/\/zjarr.tv\/sq\/wp-json\/wp\/v2\/users\/2013"}],"replies":[{"embeddable":true,"href":"https:\/\/zjarr.tv\/sq\/wp-json\/wp\/v2\/comments?post=102595"}],"version-history":[{"count":0,"href":"https:\/\/zjarr.tv\/sq\/wp-json\/wp\/v2\/posts\/102595\/revisions"}],"wp:featuredmedia":[{"embeddable":true,"href":"https:\/\/zjarr.tv\/sq\/wp-json\/wp\/v2\/media\/102596"}],"wp:attachment":[{"href":"https:\/\/zjarr.tv\/sq\/wp-json\/wp\/v2\/media?parent=102595"}],"wp:term":[{"taxonomy":"category","embeddable":true,"href":"https:\/\/zjarr.tv\/sq\/wp-json\/wp\/v2\/categories?post=102595"},{"taxonomy":"post_tag","embeddable":true,"href":"https:\/\/zjarr.tv\/sq\/wp-json\/wp\/v2\/tags?post=102595"}],"curies":[{"name":"wp","href":"https:\/\/api.w.org\/{rel}","templated":true}]}}