{"id":102614,"date":"2019-08-21T18:40:09","date_gmt":"2019-08-21T16:40:09","guid":{"rendered":"https:\/\/zjarr.tv\/?p=102614"},"modified":"2019-08-21T15:46:55","modified_gmt":"2019-08-21T13:46:55","slug":"vuciq-takon-pompeon-te-hiqen-tarifat","status":"publish","type":"post","link":"https:\/\/zjarr.tv\/sq\/vuciq-takon-pompeon-te-hiqen-tarifat\/","title":{"rendered":"Vu\u00e7iq takon Pompeon: T\u00eb hiqen tarifat"},"content":{"rendered":"<p>Serbia i ka k\u00ebrkuar administrat\u00ebs amerikane t\u00eb rrit\u00eb presionin mbi Kosov\u00ebn p\u00ebr heqjen e tarifave t\u00eb nj\u00ebanshme t\u00eb vendosura n\u00ebntorin e kaluar.<\/p>\n<p>Presidenti serb, Aleksand\u00ebr Vu\u00e7iq, deklaroi t\u00eb mart\u00ebn (20 gusht) pas takimit n\u00eb Nju-Jork me kryediplomatin amerikan, Majk Pompeo, se ky hap do \u00e7onte menj\u00ebher\u00eb n\u00eb rihapjen e dialogut me Prishtin\u00ebn.<\/p>\n<p><strong>Vu\u00e7iq:<\/strong>\u00a0<em>&#8220;Nuk ka dyshim q\u00eb kemi mb\u00ebshtetjen amerikane sepse edhe ata e kuptojn\u00eb se nga marr\u00ebdh\u00ebniet nd\u00ebrmjet serb\u00ebve dhe shqiptar\u00ebve, dy popujt m\u00eb t\u00eb m\u00ebdhenj t\u00eb Ballkanit, varet e ardhmja e rajonit. Serbia \u00ebsht\u00eb e gatshme, pavar\u00ebsisht nga politikat e brendshme n\u00eb Serbi, q\u00eb n\u00eb \u00e7do \u00e7ast t\u00eb filloj\u00eb bisedime t\u00eb hapura politike me shqiptar\u00ebt,<\/em>&#8221; u shpreh kryeshtetari p\u00ebr programin n\u00eb gjuh\u00ebn serbe t\u00eb &#8220;Z\u00ebrit t\u00eb Amerik\u00ebs&#8221;.<\/p>\n<p>Nga ana e tij, zyrtari i lart\u00eb amerikan, Pompeo, theksoi se<em>\u00a0\u201cnormalizimi i marr\u00ebdh\u00ebnieve me Kosov\u00ebn do t\u00eb forcoj\u00eb q\u00ebndrueshm\u00ebrin\u00eb dhe p\u00ebrparimin e Serbis\u00eb, Ballkanit Per\u00ebndimor dhe komunitetit transatlantik\u201d.<\/em><\/p>\n<p>N\u00eb nj\u00eb komunikat\u00eb p\u00ebr shtyp, Departamenti i Shtetit n\u00ebnvizoi nevoj\u00ebn e arritjes s\u00eb nj\u00eb marr\u00ebveshjeje gjith\u00ebp\u00ebrfshir\u00ebse q\u00eb garanton njohjen reciproke, por q\u00eb kjo t\u00eb realizohet, duhet hequr dor\u00eb nga provokimet e dyanshme, si\u00e7 jan\u00eb tarifat apo fushatat agresive p\u00ebr mosnjohjen e shtet\u00ebsis\u00eb s\u00eb Kosov\u00ebs.<\/p>\n<p>Prishtina zyrtare deri tani i ka rezistuar trysnis\u00eb nd\u00ebrkomb\u00ebtare, nd\u00ebrsa pritet reagimi i ekzekutivit t\u00eb ri q\u00eb do t\u00eb dal\u00eb nga zgjedhjet e parakohshme t\u00eb vjesht\u00ebs.<\/p>\n","protected":false},"excerpt":{"rendered":"<p>Serbia i ka k\u00ebrkuar administrat\u00ebs amerikane t\u00eb rrit\u00eb presionin mbi Kosov\u00ebn p\u00ebr heqjen e tarifave t\u00eb nj\u00ebanshme t\u00eb vendosura n\u00ebntorin e kaluar. Presidenti serb, Aleksand\u00ebr Vu\u00e7iq, deklaroi t\u00eb mart\u00ebn (20 gusht) pas takimit n\u00eb Nju-Jork me kryediplomatin amerikan, Majk Pompeo, se ky hap do \u00e7onte menj\u00ebher\u00eb n\u00eb rihapjen e dialogut me Prishtin\u00ebn. Vu\u00e7iq:\u00a0&#8220;Nuk ka dyshim [&hellip;]<\/p>\n","protected":false},"author":2013,"featured_media":67536,"comment_status":"open","ping_status":"closed","sticky":false,"template":"","format":"standard","meta":{"footnotes":""},"categories":[241,2],"tags":[],"class_list":{"0":"post-102614","1":"post","2":"type-post","3":"status-publish","4":"format-standard","5":"has-post-thumbnail","7":"category-aktualitet","8":"category-rajoni"},"_links":{"self":[{"href":"https:\/\/zjarr.tv\/sq\/wp-json\/wp\/v2\/posts\/102614","targetHints":{"allow":["GET"]}}],"collection":[{"href":"https:\/\/zjarr.tv\/sq\/wp-json\/wp\/v2\/posts"}],"about":[{"href":"https:\/\/zjarr.tv\/sq\/wp-json\/wp\/v2\/types\/post"}],"author":[{"embeddable":true,"href":"https:\/\/zjarr.tv\/sq\/wp-json\/wp\/v2\/users\/2013"}],"replies":[{"embeddable":true,"href":"https:\/\/zjarr.tv\/sq\/wp-json\/wp\/v2\/comments?post=102614"}],"version-history":[{"count":0,"href":"https:\/\/zjarr.tv\/sq\/wp-json\/wp\/v2\/posts\/102614\/revisions"}],"wp:featuredmedia":[{"embeddable":true,"href":"https:\/\/zjarr.tv\/sq\/wp-json\/wp\/v2\/media\/67536"}],"wp:attachment":[{"href":"https:\/\/zjarr.tv\/sq\/wp-json\/wp\/v2\/media?parent=102614"}],"wp:term":[{"taxonomy":"category","embeddable":true,"href":"https:\/\/zjarr.tv\/sq\/wp-json\/wp\/v2\/categories?post=102614"},{"taxonomy":"post_tag","embeddable":true,"href":"https:\/\/zjarr.tv\/sq\/wp-json\/wp\/v2\/tags?post=102614"}],"curies":[{"name":"wp","href":"https:\/\/api.w.org\/{rel}","templated":true}]}}