{"id":102616,"date":"2019-08-21T18:50:03","date_gmt":"2019-08-21T16:50:03","guid":{"rendered":"https:\/\/zjarr.tv\/?p=102616"},"modified":"2019-08-21T15:47:50","modified_gmt":"2019-08-21T13:47:50","slug":"taksa-serbia-humb-mbi-1-milion-euro-ne-dite","status":"publish","type":"post","link":"https:\/\/zjarr.tv\/sq\/taksa-serbia-humb-mbi-1-milion-euro-ne-dite\/","title":{"rendered":"Taksa, Serbia humb mbi 1 milion euro n\u00eb dit\u00eb"},"content":{"rendered":"<p>Ministri serb i Tregtis\u00eb, Rasim Ljajiq thot\u00eb se d\u00ebmi q\u00eb i shkaktohet Serbis\u00eb nga futja e taks\u00ebs p\u00ebr mallrat serbe \u00ebsht\u00eb rreth 1.07 milion euro n\u00eb dit\u00eb.<\/p>\n<p><em>&#8220;Jo vet\u00ebm kaq. D\u00ebmi indirekt \u00ebsht\u00eb shum\u00eb m\u00eb i madh, q\u00eb \u00ebsht\u00eb nj\u00eb humbje e tregut p\u00ebr biznesmen\u00ebt serb\u00eb edhe kur taksa t\u00eb hiqet&#8221; t<\/em>heksoi p\u00ebr TV Pink.<\/p>\n<p>Ai shtoi se heqja e taks\u00ebs do t\u00eb ishte dometh\u00ebn\u00ebse p\u00ebr biznesmen\u00ebt serb\u00eb, por q\u00eb ata nuk do t\u00eb ktheheshin leht\u00ebsisht n\u00eb at\u00eb treg, sepse biznesmen\u00ebt e vendeve t\u00eb rajonit e mor\u00ebn at\u00eb me mallrat e tyre.<\/p>\n<p><em>&#8220;Tregu i Kosov\u00ebs \u00ebsht\u00eb z\u00ebn\u00eb nga t\u00eb tjer\u00ebt&#8221;\u00a0<\/em>u shpreh ai.<\/p>\n<p>Autoritetet kosovare vendos\u00ebn taks\u00ebn prej 100 p\u00ebr qind ndaj produkteve me origjin\u00eb nga Serbia n\u00eb n\u00ebntorin e vitit t\u00eb kaluar.<\/p>\n<p>Ljajiq thot\u00eb se humbja vjetore kap shifr\u00ebn e 400 milion\u00eb eurove.<\/p>\n","protected":false},"excerpt":{"rendered":"<p>Ministri serb i Tregtis\u00eb, Rasim Ljajiq thot\u00eb se d\u00ebmi q\u00eb i shkaktohet Serbis\u00eb nga futja e taks\u00ebs p\u00ebr mallrat serbe \u00ebsht\u00eb rreth 1.07 milion euro n\u00eb dit\u00eb. &#8220;Jo vet\u00ebm kaq. D\u00ebmi indirekt \u00ebsht\u00eb shum\u00eb m\u00eb i madh, q\u00eb \u00ebsht\u00eb nj\u00eb humbje e tregut p\u00ebr biznesmen\u00ebt serb\u00eb edhe kur taksa t\u00eb hiqet&#8221; theksoi p\u00ebr TV Pink. [&hellip;]<\/p>\n","protected":false},"author":2013,"featured_media":68284,"comment_status":"open","ping_status":"closed","sticky":false,"template":"","format":"standard","meta":{"footnotes":""},"categories":[241,2],"tags":[],"class_list":{"0":"post-102616","1":"post","2":"type-post","3":"status-publish","4":"format-standard","5":"has-post-thumbnail","7":"category-aktualitet","8":"category-rajoni"},"_links":{"self":[{"href":"https:\/\/zjarr.tv\/sq\/wp-json\/wp\/v2\/posts\/102616","targetHints":{"allow":["GET"]}}],"collection":[{"href":"https:\/\/zjarr.tv\/sq\/wp-json\/wp\/v2\/posts"}],"about":[{"href":"https:\/\/zjarr.tv\/sq\/wp-json\/wp\/v2\/types\/post"}],"author":[{"embeddable":true,"href":"https:\/\/zjarr.tv\/sq\/wp-json\/wp\/v2\/users\/2013"}],"replies":[{"embeddable":true,"href":"https:\/\/zjarr.tv\/sq\/wp-json\/wp\/v2\/comments?post=102616"}],"version-history":[{"count":0,"href":"https:\/\/zjarr.tv\/sq\/wp-json\/wp\/v2\/posts\/102616\/revisions"}],"wp:featuredmedia":[{"embeddable":true,"href":"https:\/\/zjarr.tv\/sq\/wp-json\/wp\/v2\/media\/68284"}],"wp:attachment":[{"href":"https:\/\/zjarr.tv\/sq\/wp-json\/wp\/v2\/media?parent=102616"}],"wp:term":[{"taxonomy":"category","embeddable":true,"href":"https:\/\/zjarr.tv\/sq\/wp-json\/wp\/v2\/categories?post=102616"},{"taxonomy":"post_tag","embeddable":true,"href":"https:\/\/zjarr.tv\/sq\/wp-json\/wp\/v2\/tags?post=102616"}],"curies":[{"name":"wp","href":"https:\/\/api.w.org\/{rel}","templated":true}]}}