{"id":102704,"date":"2019-08-21T17:02:34","date_gmt":"2019-08-21T15:02:34","guid":{"rendered":"https:\/\/zjarr.tv\/?p=102704"},"modified":"2019-08-21T17:02:34","modified_gmt":"2019-08-21T15:02:34","slug":"ne-shtator-veprime-me-te-ashpra-per-zgjedhje-te-ndershme-bylykbashi-shpresoj-te-mos-kapin-edhe-spak-un","status":"publish","type":"post","link":"https:\/\/zjarr.tv\/sq\/ne-shtator-veprime-me-te-ashpra-per-zgjedhje-te-ndershme-bylykbashi-shpresoj-te-mos-kapin-edhe-spak-un\/","title":{"rendered":"\u2018N\u00eb shtator veprime m\u00eb t\u00eb ashpra, p\u00ebr zgjedhje t\u00eb ndershme\u2019\/ Bylykbashi: Shpresoj t\u00eb mos kapin edhe SPAK-un"},"content":{"rendered":"<div class=\"readmore-text-here\">\n<p>Ish-deputeti i Partis\u00eb Demokratike, Oerd Bylykbashi, tha nga studio e A2 se \u201cSPAK-u do t\u00eb jet\u00eb pika e thyerjes mbi m\u00ebnyr\u00ebn korruptive dhe kriminale t\u00eb t\u00eb menduarit t\u00eb politik\u00ebs dhe administrat\u00ebs\u201d.<\/p>\n<p>Por, sipas tij, kjo gj\u00eb mbetet p\u00ebr t\u2019u par\u00eb.<\/p>\n<p>\u201cReform\u00ebn n\u00eb Drejt\u00ebsi po e shikojn\u00eb t\u00eb gjith\u00eb se n\u00eb \u00e7far\u00eb katastrofe ka hyr\u00eb. Sot nuk kemi institucionet themelore, nd\u00ebrsa procesi i reform\u00ebs \u00ebsht\u00eb i kapur. Shpresa mbetet q\u00eb qeveria t\u00eb mos kap\u00eb edhe SPAK-un. Reforma duhet t\u00eb mbyllet sa m\u00eb shpejt q\u00eb SPAK-u t\u00eb hetoj\u00eb ministrat q\u00eb hyjn\u00eb n\u00eb afera korruptive. SPAK-u duhet ta nis\u00eb nga PPP-t\u00eb korruptive dhe shitblerja e vot\u00ebs\u201d, deklaroi Bylykbashi.<\/p>\n<p>N\u00eb lidhje me situat\u00ebn n\u00eb Shkod\u00ebr, ish-deputeti tha se kemi t\u00eb b\u00ebjm\u00eb me \u201cnj\u00eb veprim t\u00eb kund\u00ebrligjsh\u00ebm t\u00eb Ministris\u00eb s\u00eb Financave q\u00eb ka bllokuar fondet q\u00eb i duhen qeverisjes vendore p\u00ebr t\u2019i dh\u00ebn\u00eb qytetar\u00ebve sh\u00ebrbimet q\u00eb u duhen\u201d.<\/p>\n<p>\u201cKemi nj\u00eb kryetare bashkie q\u00eb g\u00ebzon mandatin e saj derisa t\u00eb betohet kryetari i zgjedhur me zgjedhje kushtetuese. Kjo nuk ka ndodhur n\u00eb Shkod\u00ebr, ashtu si\u00e7 nuk ka ndodhur n\u00eb t\u00eb gjith\u00eb Shqip\u00ebrin\u00eb. Kemi dekretin e Presidentit q\u00eb q\u00ebndron n\u00eb fuqi\u201d, shtoi Bylykbashi.<\/p>\n<p>Sipas Bylykbashit, kriza politike ku gjendet vendi \u00ebsht\u00eb aq e thell\u00eb \u201csaq\u00eb e vetmja zgjidhje jan\u00eb zgjedhjet parlamentare\u201d.<\/p>\n<p>\u201cNormalizimi fillon nga k\u00ebtu. Nd\u00ebrsa zgjedhjet lokale duhet t\u00eb b\u00ebhen sipas Kushtetut\u00ebs, gj\u00eb q\u00eb nuk ka ndodhur ende. Manipulimi n\u00eb votime \u00ebsht\u00eb fantastik. Votat e pavlefshme jan\u00eb p\u00ebrgjysmuar dhe kan\u00eb kaluar p\u00ebr PS-n\u00eb. Ky \u00ebsht\u00eb krim dhe turp\u201d, theksoi Bylykbashi.<\/p>\n<p>Kur u pyet mbi strategjin\u00eb q\u00eb do t\u00eb ndjek\u00eb Partia Demokratike, ish-deputeti tha: \u201cNe po b\u00ebjm\u00eb denoncime, provuam q\u00eb ligji i dekriminalizimit funksionon dhe faktori nd\u00ebrkomb\u00ebtar e ka t\u00eb qart\u00eb se \u00e7far\u00eb po ndodh n\u00eb Shqip\u00ebri. Shtatori do t\u00eb ket\u00eb veprim m\u00eb t\u00eb ashp\u00ebr p\u00ebrsa i p\u00ebrket nevoj\u00ebs p\u00ebr t\u00eb kthyer zgjedhjet e ndershme n\u00eb Shqip\u00ebri\u201d.<\/p>\n<\/div>\n<p>&nbsp;<\/p>\n","protected":false},"excerpt":{"rendered":"<p>Ish-deputeti i Partis\u00eb Demokratike, Oerd Bylykbashi, tha nga studio e A2 se \u201cSPAK-u do t\u00eb jet\u00eb pika e thyerjes mbi m\u00ebnyr\u00ebn korruptive dhe kriminale t\u00eb t\u00eb menduarit t\u00eb politik\u00ebs dhe administrat\u00ebs\u201d. Por, sipas tij, kjo gj\u00eb mbetet p\u00ebr t\u2019u par\u00eb. \u201cReform\u00ebn n\u00eb Drejt\u00ebsi po e shikojn\u00eb t\u00eb gjith\u00eb se n\u00eb \u00e7far\u00eb katastrofe ka hyr\u00eb. Sot [&hellip;]<\/p>\n","protected":false},"author":2013,"featured_media":88975,"comment_status":"open","ping_status":"closed","sticky":false,"template":"","format":"standard","meta":{"footnotes":""},"categories":[241,235],"tags":[],"class_list":{"0":"post-102704","1":"post","2":"type-post","3":"status-publish","4":"format-standard","5":"has-post-thumbnail","7":"category-aktualitet","8":"category-vendi"},"_links":{"self":[{"href":"https:\/\/zjarr.tv\/sq\/wp-json\/wp\/v2\/posts\/102704","targetHints":{"allow":["GET"]}}],"collection":[{"href":"https:\/\/zjarr.tv\/sq\/wp-json\/wp\/v2\/posts"}],"about":[{"href":"https:\/\/zjarr.tv\/sq\/wp-json\/wp\/v2\/types\/post"}],"author":[{"embeddable":true,"href":"https:\/\/zjarr.tv\/sq\/wp-json\/wp\/v2\/users\/2013"}],"replies":[{"embeddable":true,"href":"https:\/\/zjarr.tv\/sq\/wp-json\/wp\/v2\/comments?post=102704"}],"version-history":[{"count":0,"href":"https:\/\/zjarr.tv\/sq\/wp-json\/wp\/v2\/posts\/102704\/revisions"}],"wp:featuredmedia":[{"embeddable":true,"href":"https:\/\/zjarr.tv\/sq\/wp-json\/wp\/v2\/media\/88975"}],"wp:attachment":[{"href":"https:\/\/zjarr.tv\/sq\/wp-json\/wp\/v2\/media?parent=102704"}],"wp:term":[{"taxonomy":"category","embeddable":true,"href":"https:\/\/zjarr.tv\/sq\/wp-json\/wp\/v2\/categories?post=102704"},{"taxonomy":"post_tag","embeddable":true,"href":"https:\/\/zjarr.tv\/sq\/wp-json\/wp\/v2\/tags?post=102704"}],"curies":[{"name":"wp","href":"https:\/\/api.w.org\/{rel}","templated":true}]}}