{"id":102706,"date":"2019-08-21T17:49:23","date_gmt":"2019-08-21T15:49:23","guid":{"rendered":"https:\/\/zjarr.tv\/?p=102706"},"modified":"2019-08-21T17:49:23","modified_gmt":"2019-08-21T15:49:23","slug":"kapobanda-i-cerrikut-refuzon-dy-vakte-ne-burg-kerkon-takime-speciale-me-te-zgjatura","status":"publish","type":"post","link":"https:\/\/zjarr.tv\/sq\/kapobanda-i-cerrikut-refuzon-dy-vakte-ne-burg-kerkon-takime-speciale-me-te-zgjatura\/","title":{"rendered":"Kapobanda i C\u00ebrrikut refuzon dy vakte n\u00eb burg\/ K\u00ebrkon takime speciale m\u00eb t\u00eb zgjatura"},"content":{"rendered":"<p>Roland Xhepexhiu, eksponent i band\u00ebs s\u00eb C\u00ebrrikut dhe i d\u00ebnuar me burgim t\u00eb p\u00ebrjetsh\u00ebm p\u00ebr nj\u00eb ngjarje t\u00eb r\u00ebnd\u00eb kriminale n\u00eb vitin \u201897 \u00ebsht\u00eb b\u00ebr\u00eb protagonist\u00eb k\u00ebt\u00eb jav\u00eb n\u00eb burgun e Peqinit.<\/p>\n<p>Sipas asaj q\u00eb raporton Reportv TV, Xhepexhiu prej disa dit\u00ebsh refuzon q\u00eb t\u00eb marr\u00eb ushqim, kryesisht vaktin e m\u00ebngjesit dhe t\u00eb dark\u00ebs n\u00eb shenj\u00eb revolte ndaj Drejtoris\u00eb s\u00eb Burgjeve.<\/p>\n<div class=\"in-artile-read-more\">\n<h2><\/h2>\n<\/div>\n<p>Kjo e fundit nuk ka pranuar k\u00ebrkes\u00ebn e b\u00ebr\u00eb nga i burgosuri p\u00ebr takime speciale m\u00eb t\u00eb zgjatura, pasi nuk ka plot\u00ebsuar dokumentet q\u00eb k\u00ebrkohen. Kjo ka sjell\u00eb ka shkaktuar zem\u00ebrim tek Xhepexhiu, duke marr\u00eb vendimin p\u00ebr t\u00eb mos konsumuar dy vaktet e ofruara nga burgu.<\/p>\n<div id=\"rekl-13\">\n<div id=\"__sap-ad-15\" class=\"__sap-ads __sap-html tracked\" data-title=\"Credins desktop 08\"><ins><\/p>\n<div id=\"beacon_211fbdef39\"><img loading=\"lazy\" decoding=\"async\" src=\"https:\/\/ads1.medium.al\/www\/delivery\/lg.php?bannerid=373&amp;campaignid=48&amp;zoneid=182&amp;loc=https%3A%2F%2Fwww.syri.net%2Fkronike%2F275395%2Fkapobanda-i-cerrikut-refuzon-dy-vakte-ne-burg-kerkon-takime-speciale-me-te-zgjatura%2F&amp;referer=https%3A%2F%2Fwww.syri.net%2Flajme%2F&amp;cb=211fbdef39\" alt=\"\" width=\"0\" height=\"0\" \/><\/div>\n<p><\/ins><\/div>\n<\/div>\n<div id=\"rekl-4\"><\/div>\n<p>Roland Xhepexhiu ndodhet n\u00eb burg p\u00ebr at\u00eb q\u00eb njihet si masakra e\u00a0C\u00ebrrikut, ngjarje e majit t\u00eb vitit 1997, ku humb\u00ebn jet\u00ebn 6 punonj\u00ebs t\u00eb Gard\u00ebs s\u00eb Republik\u00ebs.<\/p>\n","protected":false},"excerpt":{"rendered":"<p>Roland Xhepexhiu, eksponent i band\u00ebs s\u00eb C\u00ebrrikut dhe i d\u00ebnuar me burgim t\u00eb p\u00ebrjetsh\u00ebm p\u00ebr nj\u00eb ngjarje t\u00eb r\u00ebnd\u00eb kriminale n\u00eb vitin \u201897 \u00ebsht\u00eb b\u00ebr\u00eb protagonist\u00eb k\u00ebt\u00eb jav\u00eb n\u00eb burgun e Peqinit. Sipas asaj q\u00eb raporton Reportv TV, Xhepexhiu prej disa dit\u00ebsh refuzon q\u00eb t\u00eb marr\u00eb ushqim, kryesisht vaktin e m\u00ebngjesit dhe t\u00eb dark\u00ebs n\u00eb [&hellip;]<\/p>\n","protected":false},"author":2013,"featured_media":38161,"comment_status":"open","ping_status":"closed","sticky":false,"template":"","format":"standard","meta":{"footnotes":""},"categories":[241,235],"tags":[],"class_list":{"0":"post-102706","1":"post","2":"type-post","3":"status-publish","4":"format-standard","5":"has-post-thumbnail","7":"category-aktualitet","8":"category-vendi"},"_links":{"self":[{"href":"https:\/\/zjarr.tv\/sq\/wp-json\/wp\/v2\/posts\/102706","targetHints":{"allow":["GET"]}}],"collection":[{"href":"https:\/\/zjarr.tv\/sq\/wp-json\/wp\/v2\/posts"}],"about":[{"href":"https:\/\/zjarr.tv\/sq\/wp-json\/wp\/v2\/types\/post"}],"author":[{"embeddable":true,"href":"https:\/\/zjarr.tv\/sq\/wp-json\/wp\/v2\/users\/2013"}],"replies":[{"embeddable":true,"href":"https:\/\/zjarr.tv\/sq\/wp-json\/wp\/v2\/comments?post=102706"}],"version-history":[{"count":0,"href":"https:\/\/zjarr.tv\/sq\/wp-json\/wp\/v2\/posts\/102706\/revisions"}],"wp:featuredmedia":[{"embeddable":true,"href":"https:\/\/zjarr.tv\/sq\/wp-json\/wp\/v2\/media\/38161"}],"wp:attachment":[{"href":"https:\/\/zjarr.tv\/sq\/wp-json\/wp\/v2\/media?parent=102706"}],"wp:term":[{"taxonomy":"category","embeddable":true,"href":"https:\/\/zjarr.tv\/sq\/wp-json\/wp\/v2\/categories?post=102706"},{"taxonomy":"post_tag","embeddable":true,"href":"https:\/\/zjarr.tv\/sq\/wp-json\/wp\/v2\/tags?post=102706"}],"curies":[{"name":"wp","href":"https:\/\/api.w.org\/{rel}","templated":true}]}}