{"id":103993,"date":"2019-08-30T11:08:13","date_gmt":"2019-08-30T09:08:13","guid":{"rendered":"https:\/\/zjarr.tv\/?p=103993"},"modified":"2019-08-30T11:08:13","modified_gmt":"2019-08-30T09:08:13","slug":"tirane-thyhet-gjate-nates-memoriali-turk-te-kodrat-e-liqenit-ne-tirane","status":"publish","type":"post","link":"https:\/\/zjarr.tv\/sq\/tirane-thyhet-gjate-nates-memoriali-turk-te-kodrat-e-liqenit-ne-tirane\/","title":{"rendered":"Tiran\u00eb, thyhet gjat\u00eb nat\u00ebs memoriali turk te Kodrat e Liqenit n\u00eb Tiran\u00eb"},"content":{"rendered":"<p>Vandalizohet memoriali i vendosur te parku i Liqenit Artificial n\u00eb Tiran\u00eb n\u00eb nder t\u00eb viktimave q\u00eb kund\u00ebrshtuan tentativ\u00ebn e grushtit t\u00eb shtetit n\u00eb Turqi.<\/p>\n<p>Ngjarja ka ndodhur n\u00eb or\u00ebt e para t\u00eb m\u00ebngjesit. Pllaka \u00ebsht\u00eb d\u00ebmtuar n\u00eb pjes\u00ebn an\u00ebsore t\u00eb saj.<\/p>\n<p><em>&#8220;Nj\u00eb person ende i paidentifikuar ka \u00a0d\u00ebmtuar me sende t\u00eb forta \u00a0nj\u00eb pjes\u00eb t\u00eb nj\u00eb memoriali&#8221; thot\u00eb policia.<\/em><\/p>\n<p>Grupi hetimor \u00a0po kryen veprimet me q\u00ebllim identifikimin dhe kapjen e autorit<\/p>\n<p>Vendosja e k\u00ebtij memoriali n\u00eb liqenin artificial t\u00eb Tiran\u00ebs u shoq\u00ebrua me reagime t\u00eb shumta, kryesisht n\u00eb rrjetet sociale. Memoriali i kushtohet viktimave t\u00eb tentativ\u00ebs p\u00ebr grusht shteti n\u00eb Turqi, m\u00eb 15 korrik t\u00eb 2016-\u00ebs, kund\u00ebr presidentit Rexhep Taip Erdogan.<\/p>\n<p>Grushti i shtetit d\u00ebshtoi, nd\u00ebrsa Erdogan b\u00ebri p\u00ebrgjegj\u00ebs ish-mikun e tij, klerikun Fethullah Gylen, si autor t\u00eb sulmit.<\/p>\n","protected":false},"excerpt":{"rendered":"<p>Vandalizohet memoriali i vendosur te parku i Liqenit Artificial n\u00eb Tiran\u00eb n\u00eb nder t\u00eb viktimave q\u00eb kund\u00ebrshtuan tentativ\u00ebn e grushtit t\u00eb shtetit n\u00eb Turqi. Ngjarja ka ndodhur n\u00eb or\u00ebt e para t\u00eb m\u00ebngjesit. Pllaka \u00ebsht\u00eb d\u00ebmtuar n\u00eb pjes\u00ebn an\u00ebsore t\u00eb saj. &#8220;Nj\u00eb person ende i paidentifikuar ka \u00a0d\u00ebmtuar me sende t\u00eb forta \u00a0nj\u00eb pjes\u00eb t\u00eb [&hellip;]<\/p>\n","protected":false},"author":4,"featured_media":103994,"comment_status":"open","ping_status":"closed","sticky":false,"template":"","format":"standard","meta":{"footnotes":""},"categories":[241,231,235],"tags":[],"class_list":{"0":"post-103993","1":"post","2":"type-post","3":"status-publish","4":"format-standard","5":"has-post-thumbnail","7":"category-aktualitet","8":"category-lajme","9":"category-vendi"},"_links":{"self":[{"href":"https:\/\/zjarr.tv\/sq\/wp-json\/wp\/v2\/posts\/103993","targetHints":{"allow":["GET"]}}],"collection":[{"href":"https:\/\/zjarr.tv\/sq\/wp-json\/wp\/v2\/posts"}],"about":[{"href":"https:\/\/zjarr.tv\/sq\/wp-json\/wp\/v2\/types\/post"}],"author":[{"embeddable":true,"href":"https:\/\/zjarr.tv\/sq\/wp-json\/wp\/v2\/users\/4"}],"replies":[{"embeddable":true,"href":"https:\/\/zjarr.tv\/sq\/wp-json\/wp\/v2\/comments?post=103993"}],"version-history":[{"count":0,"href":"https:\/\/zjarr.tv\/sq\/wp-json\/wp\/v2\/posts\/103993\/revisions"}],"wp:featuredmedia":[{"embeddable":true,"href":"https:\/\/zjarr.tv\/sq\/wp-json\/wp\/v2\/media\/103994"}],"wp:attachment":[{"href":"https:\/\/zjarr.tv\/sq\/wp-json\/wp\/v2\/media?parent=103993"}],"wp:term":[{"taxonomy":"category","embeddable":true,"href":"https:\/\/zjarr.tv\/sq\/wp-json\/wp\/v2\/categories?post=103993"},{"taxonomy":"post_tag","embeddable":true,"href":"https:\/\/zjarr.tv\/sq\/wp-json\/wp\/v2\/tags?post=103993"}],"curies":[{"name":"wp","href":"https:\/\/api.w.org\/{rel}","templated":true}]}}