{"id":104242,"date":"2019-08-31T18:30:52","date_gmt":"2019-08-31T16:30:52","guid":{"rendered":"https:\/\/zjarr.tv\/?p=104242"},"modified":"2019-08-31T17:02:24","modified_gmt":"2019-08-31T15:02:24","slug":"zgjedhjet-e-parakohshme-haradinaj-koalicion-me-psd","status":"publish","type":"post","link":"https:\/\/zjarr.tv\/sq\/zgjedhjet-e-parakohshme-haradinaj-koalicion-me-psd\/","title":{"rendered":"Zgjedhjet e parakohshme, Haradinaj koalicion me PSD"},"content":{"rendered":"<p>Kryetari i Aleanc\u00ebs p\u00ebr Ardhm\u00ebrin\u00eb e Kosov\u00ebs, Ramush Haradinaj ka formuar koalicion me Partia Social Demokrate.<\/p>\n<p>Kryeministri n\u00eb largim do futej n\u00eb zgjedhjet e parakohshme n\u00eb koalicion me PSD.<\/p>\n<p>Haradinaj njoftoi lajmin me an\u00eb t\u00eb nj\u00eb njoftimi n\u00eb Facebook, ku lajm\u00ebroi se koalicioni AAK-PSD \u00ebsht\u00eb dor\u00ebzuar p\u00ebr regjistrim n\u00eb Komisionin Qendror t\u00eb Zgjedhjeve.<\/p>\n<p><em>&#8220;Qytetar\u00eb t\u00eb dashur, Sapo aplikuam p\u00ebr zgjedhje, si koalicion AAK-PSD, p\u00ebr jet\u00ebsimin e 100% shtet. Na prift\u00eb e mbara!&#8221;<\/em>-shkroi ai.<\/p>\n<p>Nd\u00ebrkoh\u00eb kreu i Vet\u00ebvendosjes, Albin Kurti d\u00ebshtoi t\u00eb krijonte koalicion me kreu e LDK-s\u00eb, Isa Mustaf\u00ebn.<\/p>\n<p><strong>Mustafa k\u00ebrkoi q\u00eb t\u00eb shkonin n\u00eb zgjedhje me Vjosa Osmanin si kandidate p\u00ebr <\/strong><strong>kryeministre<\/strong>.<\/p>\n<p>Nd\u00ebrsa Kurti k\u00ebrkoi q\u00eb kandidati q\u00eb merr m\u00eb shum\u00eb vota t\u00eb b\u00ebhet kryeminist\u00ebr.<\/p>\n","protected":false},"excerpt":{"rendered":"<p>Kryetari i Aleanc\u00ebs p\u00ebr Ardhm\u00ebrin\u00eb e Kosov\u00ebs, Ramush Haradinaj ka formuar koalicion me Partia Social Demokrate. Kryeministri n\u00eb largim do futej n\u00eb zgjedhjet e parakohshme n\u00eb koalicion me PSD. Haradinaj njoftoi lajmin me an\u00eb t\u00eb nj\u00eb njoftimi n\u00eb Facebook, ku lajm\u00ebroi se koalicioni AAK-PSD \u00ebsht\u00eb dor\u00ebzuar p\u00ebr regjistrim n\u00eb Komisionin Qendror t\u00eb Zgjedhjeve. &#8220;Qytetar\u00eb t\u00eb [&hellip;]<\/p>\n","protected":false},"author":2013,"featured_media":101889,"comment_status":"open","ping_status":"closed","sticky":false,"template":"","format":"standard","meta":{"footnotes":""},"categories":[241,2],"tags":[],"class_list":{"0":"post-104242","1":"post","2":"type-post","3":"status-publish","4":"format-standard","5":"has-post-thumbnail","7":"category-aktualitet","8":"category-rajoni"},"_links":{"self":[{"href":"https:\/\/zjarr.tv\/sq\/wp-json\/wp\/v2\/posts\/104242","targetHints":{"allow":["GET"]}}],"collection":[{"href":"https:\/\/zjarr.tv\/sq\/wp-json\/wp\/v2\/posts"}],"about":[{"href":"https:\/\/zjarr.tv\/sq\/wp-json\/wp\/v2\/types\/post"}],"author":[{"embeddable":true,"href":"https:\/\/zjarr.tv\/sq\/wp-json\/wp\/v2\/users\/2013"}],"replies":[{"embeddable":true,"href":"https:\/\/zjarr.tv\/sq\/wp-json\/wp\/v2\/comments?post=104242"}],"version-history":[{"count":0,"href":"https:\/\/zjarr.tv\/sq\/wp-json\/wp\/v2\/posts\/104242\/revisions"}],"wp:featuredmedia":[{"embeddable":true,"href":"https:\/\/zjarr.tv\/sq\/wp-json\/wp\/v2\/media\/101889"}],"wp:attachment":[{"href":"https:\/\/zjarr.tv\/sq\/wp-json\/wp\/v2\/media?parent=104242"}],"wp:term":[{"taxonomy":"category","embeddable":true,"href":"https:\/\/zjarr.tv\/sq\/wp-json\/wp\/v2\/categories?post=104242"},{"taxonomy":"post_tag","embeddable":true,"href":"https:\/\/zjarr.tv\/sq\/wp-json\/wp\/v2\/tags?post=104242"}],"curies":[{"name":"wp","href":"https:\/\/api.w.org\/{rel}","templated":true}]}}