{"id":104251,"date":"2019-08-31T18:50:19","date_gmt":"2019-08-31T16:50:19","guid":{"rendered":"https:\/\/zjarr.tv\/?p=104251"},"modified":"2019-08-31T17:04:05","modified_gmt":"2019-08-31T15:04:05","slug":"hahn-kosova-te-heqe-tarifat-serbia-te-ndale-fushaten-per-terheqjen-e-njohjeve","status":"publish","type":"post","link":"https:\/\/zjarr.tv\/sq\/hahn-kosova-te-heqe-tarifat-serbia-te-ndale-fushaten-per-terheqjen-e-njohjeve\/","title":{"rendered":"Hahn: Kosova t\u00eb heq\u00eb tarifat, Serbia t\u00eb ndal\u00eb fushat\u00ebn p\u00ebr t\u00ebrheqjen e njohjeve"},"content":{"rendered":"<p>Komisionari i Bashkimit Evropian p\u00ebr fqinj\u00ebsi dhe negocim t\u00eb zgjerimit, Johannes Hahn, tha t\u00eb premten se Kosova duhet t\u00eb heq\u00eb tarifat ndaj mallrave serbe dhe Serbia duhet t\u2019i jap fund fushat\u00ebs p\u00ebr \u00e7njohjen e pavar\u00ebsis\u00eb s\u00eb Kosov\u00ebs.<\/p>\n<p>Ai i b\u00ebri k\u00ebto komente n\u00eb Helsinki ku t\u00eb premten ministrat e BE-s\u00eb takuan ministrat e jasht\u00ebm t\u00eb vendeve t\u00eb Ballkanit Per\u00ebndimor.<\/p>\n<p>Komisionari Hahn tha se rezultati i bisedimeve nd\u00ebrmjet Serbis\u00eb dhe Kosov\u00ebs \u00ebsht\u00eb element thelb\u00ebsor\u00eb p\u00ebr ardhm\u00ebrin\u00eb evropiane t\u00eb rajonit. Ai shfaqi shpres\u00ebn se pas zgjedhjeve n\u00eb Kosov\u00eb, q\u00eb mbahen m\u00eb 6 tetor, \u201cgj\u00ebrat do t\u00eb jen\u00eb t\u00eb m\u00eb qarta\u201d dhe m\u00eb pas \u201ct\u00eb hyhet n\u00eb negociata p\u00ebrfundimtare\u201d.<\/p>\n<p>Ai tha se Kosova duhet t\u00eb heq\u00eb tarifat \u201cq\u00eb jan\u00eb n\u00eb kund\u00ebrshtim me frym\u00ebn e BE-s\u00eb\u201d dhe \u201cSerbia duhet t\u00eb p\u00ebrmbahet nga kjo nisma e t\u00ebrheqjes s\u00eb njohjeve (t\u00eb pavar\u00ebsis\u00eb s\u00eb Kosov\u00ebs\u201d.<\/p>\n<p>Bisedimet nd\u00ebrmjet Kosov\u00ebs dhe Serbis\u00eb p\u00ebr normalizimin e marr\u00ebdh\u00ebnieve jan\u00eb pezulluar q\u00eb nga n\u00ebntori i vitit t\u00eb kaluar kur Prishtina vendosi tarifa prej 100 p\u00ebr qind ndaj mallrave serbe, n\u00eb kund\u00ebrp\u00ebrgjigje ndaj fushat\u00ebs s\u00eb Beogradi kund\u00ebr shtet\u00ebsis\u00eb s\u00eb Kosov\u00ebs.<\/p>\n<p>Normalizimi i marr\u00ebdh\u00ebnieve nd\u00ebrmjet tyre \u00ebsht\u00eb kusht p\u00ebr integrimet evropiane q\u00eb jan\u00eb aspirat\u00eb e t\u00eb dyja vendeve.<\/p>\n<p>Por, n\u00eb Helsinki sot ju b\u00eb thirrje Serbis\u00eb q\u00eb t\u00eb mos largohet nga rruga e saj evropiane derisa Beogradi po p\u00ebrgatitet t\u00eb n\u00ebnshkruaj\u00eb nj\u00eb marr\u00ebveshje tregtare me nj\u00eb bllok ekonomik t\u00eb udh\u00ebhequr nga Rusia. Serbia pritet t\u00eb n\u00ebnshkruaj\u00eb marr\u00ebveshjen me Bashkimin Ekonomik Euro-aziatik &#8211; t\u00eb p\u00ebrb\u00ebr\u00eb nga Rusia, Armenia, Bjellorusia, Kazakistani dhe Kirgizia n\u00eb fund t\u00eb muajit tetor.<\/p>\n<p>Ministri i Jasht\u00ebm sllovak, Miroslav Laj\u00e7ak, tha se nuk mund te ecet n\u00eb disa drejtime nj\u00ebher\u00ebsh dhe Serbia duhet t\u00eb harmonizoj\u00eb politikat e saj me partner\u00ebt evropian\u00eb<\/p>\n<p>\u201cN\u00ebse jeni serioz n\u00eb orientimin evropian, at\u00ebher\u00eb merrni vendime q\u00eb ju ofrojn\u00eb. Ky nuk \u00ebsht\u00eb nj\u00eb prej tyre\u201d, tha ai.<\/p>\n<p>Shefja n\u00eb largim e politik\u00ebs s\u00eb Jashtme t\u00eb Bashkimit Evropian, Federica Mogherini, tha se an\u00ebtar\u00ebsimi i Ballkanit n\u00eb Bashkimin Evropian n\u00ebnkupton jo vet\u00ebm p\u00ebrfitime ekonomike por ndihmon edhe nd\u00ebrtimin e paqes dhe ripajtimin.<\/p>\n<p>&#8220;Mos t\u00eb harrojm\u00eb se disa nga k\u00ebto vende ishin n\u00eb luft\u00eb vet\u00ebm 20 vjet m\u00eb par\u00eb dhe kjo \u00ebsht\u00eb nj\u00eb koh\u00eb e shkurt\u00ebr. Vet\u00ebm perspektiva e t\u00eb qenit s\u00eb bashku n\u00eb t\u00eb nj\u00ebjt\u00ebn familje, n\u00eb t\u00eb nj\u00ebjtin institucion, mund t&#8217;u jap\u00eb atyre jo vet\u00ebm stimuj ekonomik, por edhe stimuj institucional, politik, p\u00ebr t&#8217;u pajtuar me nj\u00eb histori shum\u00eb t\u00eb r\u00ebnd\u00eb dhe t\u00eb v\u00ebshtir\u00eb dhe p\u00ebr t\u00eb par\u00eb drejt s\u00eb ardhmes\u201d, tha ajo.<\/p>\n<p>Por, Bashkimi Evropian \u00ebsht\u00eb kritikuar p\u00ebr d\u00ebshtimin n\u00eb p\u00ebrmbushjen e zotimeve duke zvarritur hapjen e negociatave p\u00ebr an\u00ebtar\u00ebsim me Shqip\u00ebrin\u00eb dhe Maqedonin\u00eb e Veriut. Bashkimi Evropian \u00ebsht\u00eb shprehur i p\u00ebrkushtuar p\u00ebr ta b\u00ebr\u00eb k\u00ebt\u00eb n\u00eb tetor, por zonja Mogherini tha t\u00eb premten se vendet an\u00ebtare ende nuk jan\u00eb gati p\u00ebr nj\u00eb vendim t\u00eb till\u00eb.<\/p>\n<p>Serbia hapi k\u00ebto negociata n\u00eb vitin 2014 por procesi varet nga marr\u00ebdh\u00ebniet me Kosov\u00ebn, pavar\u00ebsin\u00eb e s\u00eb cil\u00ebs vazhdon ta kund\u00ebrshtoj\u00eb. Beogradi madje reagoi edhe ndaj pjes\u00ebmarrjes s\u00eb Kosov\u00ebs n\u00eb takimin n\u00eb Helsinki.<\/p>\n<p>Hapja e negociatave Serbis\u00eb asaj i ishte mund\u00ebsuar me marr\u00ebveshjet me Kosov\u00ebn t\u00eb vitit 2013 t\u00eb cilat Kosov\u00ebs i siguruan Marr\u00ebveshjen e Stabilizim Asocimit me Bashkimin Evropian.<\/p>\n<p>Megjithat\u00eb ajo mbetet e fundit n\u00eb proceset integruese dhe qytetar\u00ebt e saj jan\u00eb t\u00eb vetmit n\u00eb rajon q\u00eb nuk mund t\u00eb l\u00ebvizin pa viza, ndon\u00ebse si\u00e7 tha t\u00eb premten zonja Mogherini, Kosova i ka plot\u00ebsuar t\u00eb gjitha kriteret p\u00ebr p\u00ebrfshirjen n\u00eb regjimin e udh\u00ebtimit pa viza.\/VOA<\/p>\n","protected":false},"excerpt":{"rendered":"<p>Komisionari i Bashkimit Evropian p\u00ebr fqinj\u00ebsi dhe negocim t\u00eb zgjerimit, Johannes Hahn, tha t\u00eb premten se Kosova duhet t\u00eb heq\u00eb tarifat ndaj mallrave serbe dhe Serbia duhet t\u2019i jap fund fushat\u00ebs p\u00ebr \u00e7njohjen e pavar\u00ebsis\u00eb s\u00eb Kosov\u00ebs. Ai i b\u00ebri k\u00ebto komente n\u00eb Helsinki ku t\u00eb premten ministrat e BE-s\u00eb takuan ministrat e jasht\u00ebm t\u00eb [&hellip;]<\/p>\n","protected":false},"author":2013,"featured_media":62692,"comment_status":"open","ping_status":"closed","sticky":false,"template":"","format":"standard","meta":{"footnotes":""},"categories":[241,2],"tags":[],"class_list":{"0":"post-104251","1":"post","2":"type-post","3":"status-publish","4":"format-standard","5":"has-post-thumbnail","7":"category-aktualitet","8":"category-rajoni"},"_links":{"self":[{"href":"https:\/\/zjarr.tv\/sq\/wp-json\/wp\/v2\/posts\/104251","targetHints":{"allow":["GET"]}}],"collection":[{"href":"https:\/\/zjarr.tv\/sq\/wp-json\/wp\/v2\/posts"}],"about":[{"href":"https:\/\/zjarr.tv\/sq\/wp-json\/wp\/v2\/types\/post"}],"author":[{"embeddable":true,"href":"https:\/\/zjarr.tv\/sq\/wp-json\/wp\/v2\/users\/2013"}],"replies":[{"embeddable":true,"href":"https:\/\/zjarr.tv\/sq\/wp-json\/wp\/v2\/comments?post=104251"}],"version-history":[{"count":0,"href":"https:\/\/zjarr.tv\/sq\/wp-json\/wp\/v2\/posts\/104251\/revisions"}],"wp:featuredmedia":[{"embeddable":true,"href":"https:\/\/zjarr.tv\/sq\/wp-json\/wp\/v2\/media\/62692"}],"wp:attachment":[{"href":"https:\/\/zjarr.tv\/sq\/wp-json\/wp\/v2\/media?parent=104251"}],"wp:term":[{"taxonomy":"category","embeddable":true,"href":"https:\/\/zjarr.tv\/sq\/wp-json\/wp\/v2\/categories?post=104251"},{"taxonomy":"post_tag","embeddable":true,"href":"https:\/\/zjarr.tv\/sq\/wp-json\/wp\/v2\/tags?post=104251"}],"curies":[{"name":"wp","href":"https:\/\/api.w.org\/{rel}","templated":true}]}}