{"id":104266,"date":"2019-08-31T19:50:28","date_gmt":"2019-08-31T17:50:28","guid":{"rendered":"https:\/\/zjarr.tv\/?p=104266"},"modified":"2019-08-31T17:08:53","modified_gmt":"2019-08-31T15:08:53","slug":"konfliktet-me-macron-presidenti-brazilian-braktis-marken-franceze-te-stilolapsave","status":"publish","type":"post","link":"https:\/\/zjarr.tv\/sq\/konfliktet-me-macron-presidenti-brazilian-braktis-marken-franceze-te-stilolapsave\/","title":{"rendered":"Konfliktet me Macron, presidenti brazilian braktis mark\u00ebn franceze t\u00eb stilolapsave"},"content":{"rendered":"<p>Presidenti brazilian Jair Bolsonaro\u00a0q\u00eb \u00ebsht\u00eb n\u00eb nj\u00eb konfrontim me Franc\u00ebn p\u00ebr zjarret n\u00eb Amazon, \u00ebsht\u00eb shprehur se do ndaloj\u00eb p\u00ebrdorimin e stilolapsave \u2018Bic\u2019, nj\u00eb mark\u00eb franceze.<\/p>\n<p>Bolsonaro\u00a0ka n\u00ebnshkruar deri tani dokumente zyrtare me k\u00ebto stilolapsa q\u00eb shpesh \u00a0ka mbajtur edhe p\u00ebrpara kamerave televizive.<\/p>\n<p><em>\u201cCompactor, stilolaps i mark\u00ebs braziliane, do z\u00ebvend\u00ebsoj\u00eb Bic,\u201d<\/em>-u tha ai gazetar\u00ebve.<\/p>\n<p>Gjithashtu ai u shpreh n\u00eb Facebook se vendosi t\u00eb ndryshoj\u00eb mark\u00ebn e stilolapsit q\u00eb p\u00ebrdor p\u00ebr shkak se Bic \u00ebsht\u00eb mark\u00eb franceze.<\/p>\n<p>Rreth 95% t\u00eb stilolapsave t\u00eb shitura n\u00eb Brazil nga Bic jan\u00eb prodhuar n\u00eb Manaus, Amazon, nj\u00eb nga n\u00ebnt\u00eb shtetet q\u00eb p\u00ebrfshin pylli tropikal i Amazon.<\/p>\n<p>Kompania ka rreth 1 mij\u00eb punonj\u00ebs t\u00eb pun\u00ebsuar n\u00eb fabrikat e tij n\u00eb Manaus dhe Rio de Janeiro.<\/p>\n<p>Zjarret masive q\u00eb kan\u00eb p\u00ebrfshir\u00eb Amazon kan\u00eb shkaktuar debat mes Franc\u00ebs dhe Brazilit, ku dy lider\u00ebt nuk i kan\u00eb kursyer akuzat ndaj nj\u00ebri-tjetrit.<\/p>\n","protected":false},"excerpt":{"rendered":"<p>Presidenti brazilian Jair Bolsonaro\u00a0q\u00eb \u00ebsht\u00eb n\u00eb nj\u00eb konfrontim me Franc\u00ebn p\u00ebr zjarret n\u00eb Amazon, \u00ebsht\u00eb shprehur se do ndaloj\u00eb p\u00ebrdorimin e stilolapsave \u2018Bic\u2019, nj\u00eb mark\u00eb franceze. Bolsonaro\u00a0ka n\u00ebnshkruar deri tani dokumente zyrtare me k\u00ebto stilolapsa q\u00eb shpesh \u00a0ka mbajtur edhe p\u00ebrpara kamerave televizive. \u201cCompactor, stilolaps i mark\u00ebs braziliane, do z\u00ebvend\u00ebsoj\u00eb Bic,\u201d-u tha ai gazetar\u00ebve. Gjithashtu [&hellip;]<\/p>\n","protected":false},"author":2013,"featured_media":0,"comment_status":"open","ping_status":"closed","sticky":false,"template":"","format":"standard","meta":{"footnotes":""},"categories":[241,191],"tags":[],"class_list":{"0":"post-104266","1":"post","2":"type-post","3":"status-publish","4":"format-standard","6":"category-aktualitet","7":"category-bota"},"_links":{"self":[{"href":"https:\/\/zjarr.tv\/sq\/wp-json\/wp\/v2\/posts\/104266","targetHints":{"allow":["GET"]}}],"collection":[{"href":"https:\/\/zjarr.tv\/sq\/wp-json\/wp\/v2\/posts"}],"about":[{"href":"https:\/\/zjarr.tv\/sq\/wp-json\/wp\/v2\/types\/post"}],"author":[{"embeddable":true,"href":"https:\/\/zjarr.tv\/sq\/wp-json\/wp\/v2\/users\/2013"}],"replies":[{"embeddable":true,"href":"https:\/\/zjarr.tv\/sq\/wp-json\/wp\/v2\/comments?post=104266"}],"version-history":[{"count":0,"href":"https:\/\/zjarr.tv\/sq\/wp-json\/wp\/v2\/posts\/104266\/revisions"}],"wp:attachment":[{"href":"https:\/\/zjarr.tv\/sq\/wp-json\/wp\/v2\/media?parent=104266"}],"wp:term":[{"taxonomy":"category","embeddable":true,"href":"https:\/\/zjarr.tv\/sq\/wp-json\/wp\/v2\/categories?post=104266"},{"taxonomy":"post_tag","embeddable":true,"href":"https:\/\/zjarr.tv\/sq\/wp-json\/wp\/v2\/tags?post=104266"}],"curies":[{"name":"wp","href":"https:\/\/api.w.org\/{rel}","templated":true}]}}