{"id":104269,"date":"2019-08-31T20:00:06","date_gmt":"2019-08-31T18:00:06","guid":{"rendered":"https:\/\/zjarr.tv\/?p=104269"},"modified":"2019-08-31T17:09:35","modified_gmt":"2019-08-31T15:09:35","slug":"protestuesit-pushtojne-qendren-e-hong-kong","status":"publish","type":"post","link":"https:\/\/zjarr.tv\/sq\/protestuesit-pushtojne-qendren-e-hong-kong\/","title":{"rendered":"Protestuesit \u201cpushtojn\u00eb\u201d qendr\u00ebn e Hong Kong"},"content":{"rendered":"<p>Policia e Hong Kong ka p\u00ebrdorur gaz lotsjell\u00ebs dhe uj\u00eb p\u00ebr t\u00eb shp\u00ebrndar\u00eb turmat e protestuesve q\u00eb kund\u00ebrshtuan nj\u00eb ndalim policie dhe marshuan n\u00ebp\u00ebr qytet.<\/p>\n<p>Demonstruesit ndez\u00ebn zjarre dhe sulmuan nd\u00ebrtes\u00ebn e parlamentit nd\u00ebrsa mij\u00ebra t\u00eb tjer\u00eb iu bashkuan n\u00eb marshim.<\/p>\n<p>T\u00eb premten u arrestuan disa aktivist\u00eb dhe politikan\u00eb pro-demokracis\u00eb.<\/p>\n<p>L\u00ebvizja nisi pas nj\u00eb projekt-diskutimi, tani t\u00eb pezulluar, q\u00eb do lejonte ekstradimin e kriminel\u00ebve t\u00eb dyshuar n\u00eb Kin\u00eb p\u00ebr gjykim.<\/p>\n<p>Q\u00eb nga ajo koh\u00eb l\u00ebvizja pro-demokracis\u00eb \u00ebsht\u00eb rritur dhe p\u00ebrpleshjet me policin\u00eb kan\u00eb qen\u00eb t\u00eb dhunshme.<\/p>\n<p>Kjo \u00ebsht\u00eb fundjava e 13-t\u00eb radhazi q\u00eb qytetar\u00ebt dalin n\u00eb protesta.<\/p>\n<p>Ata brohorit\u00ebn jasht\u00eb zyrave t\u00eb qeveris\u00eb dhe parlamentit:\u00a0<em>\u201cMb\u00ebshtetje p\u00ebr Hong Kong\u201d dhe \u201cLuft\u00eb p\u00ebr liri\u201d.<\/em><\/p>\n<p>Disa protestues hodh\u00ebn e bomba zjarri drejt oficer\u00ebve. Nd\u00ebrsa policia ngriti barriera p\u00ebrreth nd\u00ebrtesave kryesore dhe n\u00eb rrug\u00eb p\u00ebr ti ndaluar demonstruesit. Gjithashtu oficer\u00ebt hodh\u00ebn gaz lotsjell\u00ebs dhe uj\u00eb n\u00eb drejtim t\u00eb tyre.<\/p>\n<p>Eric, nj\u00eb student 22-vje\u00e7ar, tha p\u00ebr Reuters:<em>\u00a0&#8220;T\u00eb na thuash t\u00eb mos protestojm\u00eb \u00ebsht\u00eb sikur t\u00eb na thuash t\u00eb mos marrim frym\u00eb. Un\u00eb mendoj se \u00ebsht\u00eb detyra ime t\u00eb luftojm\u00eb p\u00ebr demokracin\u00eb. Ndoshta ne fitojm\u00eb, mbase humbasim, por luftojm\u00eb.&#8221;<\/em><\/p>\n","protected":false},"excerpt":{"rendered":"<p>Policia e Hong Kong ka p\u00ebrdorur gaz lotsjell\u00ebs dhe uj\u00eb p\u00ebr t\u00eb shp\u00ebrndar\u00eb turmat e protestuesve q\u00eb kund\u00ebrshtuan nj\u00eb ndalim policie dhe marshuan n\u00ebp\u00ebr qytet. Demonstruesit ndez\u00ebn zjarre dhe sulmuan nd\u00ebrtes\u00ebn e parlamentit nd\u00ebrsa mij\u00ebra t\u00eb tjer\u00eb iu bashkuan n\u00eb marshim. T\u00eb premten u arrestuan disa aktivist\u00eb dhe politikan\u00eb pro-demokracis\u00eb. L\u00ebvizja nisi pas nj\u00eb projekt-diskutimi, [&hellip;]<\/p>\n","protected":false},"author":2013,"featured_media":104270,"comment_status":"open","ping_status":"closed","sticky":false,"template":"","format":"standard","meta":{"footnotes":""},"categories":[241,191],"tags":[],"class_list":{"0":"post-104269","1":"post","2":"type-post","3":"status-publish","4":"format-standard","5":"has-post-thumbnail","7":"category-aktualitet","8":"category-bota"},"_links":{"self":[{"href":"https:\/\/zjarr.tv\/sq\/wp-json\/wp\/v2\/posts\/104269","targetHints":{"allow":["GET"]}}],"collection":[{"href":"https:\/\/zjarr.tv\/sq\/wp-json\/wp\/v2\/posts"}],"about":[{"href":"https:\/\/zjarr.tv\/sq\/wp-json\/wp\/v2\/types\/post"}],"author":[{"embeddable":true,"href":"https:\/\/zjarr.tv\/sq\/wp-json\/wp\/v2\/users\/2013"}],"replies":[{"embeddable":true,"href":"https:\/\/zjarr.tv\/sq\/wp-json\/wp\/v2\/comments?post=104269"}],"version-history":[{"count":0,"href":"https:\/\/zjarr.tv\/sq\/wp-json\/wp\/v2\/posts\/104269\/revisions"}],"wp:featuredmedia":[{"embeddable":true,"href":"https:\/\/zjarr.tv\/sq\/wp-json\/wp\/v2\/media\/104270"}],"wp:attachment":[{"href":"https:\/\/zjarr.tv\/sq\/wp-json\/wp\/v2\/media?parent=104269"}],"wp:term":[{"taxonomy":"category","embeddable":true,"href":"https:\/\/zjarr.tv\/sq\/wp-json\/wp\/v2\/categories?post=104269"},{"taxonomy":"post_tag","embeddable":true,"href":"https:\/\/zjarr.tv\/sq\/wp-json\/wp\/v2\/tags?post=104269"}],"curies":[{"name":"wp","href":"https:\/\/api.w.org\/{rel}","templated":true}]}}