{"id":104277,"date":"2019-08-31T20:30:33","date_gmt":"2019-08-31T18:30:33","guid":{"rendered":"https:\/\/zjarr.tv\/?p=104277"},"modified":"2019-08-31T17:13:04","modified_gmt":"2019-08-31T15:13:04","slug":"luftetari-nuk-shperblehet-tani-rrezikon-dhe-nje-denim-nga-uefa","status":"publish","type":"post","link":"https:\/\/zjarr.tv\/sq\/luftetari-nuk-shperblehet-tani-rrezikon-dhe-nje-denim-nga-uefa\/","title":{"rendered":"Luft\u00ebtari nuk shp\u00ebrblehet, tani rrezikon dhe nj\u00eb d\u00ebnim nga UEFA"},"content":{"rendered":"<p>Skandalet n\u00eb futbollin shqiptar nuk kan\u00eb t\u00eb ndalur me raste t\u00eb shumta t\u00eb trukimit t\u00eb ndeshjeve. Pas d\u00ebnimit p\u00ebr Sk\u00ebnderbeun nj\u00eb tjet\u00ebr bomb\u00eb vjen nga UEFA p\u00ebr skuadr\u00ebn e Luft\u00ebtarit.<\/p>\n<p>Skuadra gjirokastrite ka qen\u00eb n\u00ebn investigim p\u00ebr ndeshjen e zhvilluar n\u00eb Europa League kund\u00ebr Ventspils. Ata humb\u00ebn ndeshjen e par\u00eb 5-0 n\u00eb Letoni nd\u00ebrsa n\u00eb ndeshjen e zhvilluar n\u00eb Elbasan arrit\u00ebn t\u00eb dilnin me nj\u00eb barazim.<\/p>\n<p>Ajo \u00e7far\u00eb e b\u00ebn t\u00eb dyshoj\u00eb UEFA-n jan\u00eb golat e sh\u00ebnuar n\u00eb Letoni, video t\u00eb cilat kan\u00eb b\u00ebr\u00eb xhiron e bot\u00ebs n\u00ebp\u00ebr rrjete sociale dhe shumica jan\u00eb t\u00eb mendimit se ajo ndeshje ishte e trukuar.<\/p>\n<p>Vendimin se do t\u00eb ket\u00eb nj\u00eb d\u00ebnim nga UEFA e b\u00ebn t\u00eb ditur presidenti i Luft\u00ebtarit, Bekim Halilaj i cili nd\u00ebr t\u00eb tjera thot\u00eb:<\/p>\n<p>\u201cKam marr\u00eb studion time ligjore dhe kam k\u00ebrkuar rimbursimin prej 240 mij\u00eb eurosh. Si mund t\u00eb d\u00ebnohemi ne pse humb\u00ebn ndeshjet? Sipas k\u00ebsaj duhet t\u00eb d\u00ebnohen t\u00eb gjitha skuadrat shqiptare q\u00eb u mund\u00ebn k\u00ebt\u00eb ver\u00eb. Un\u00eb nuk po investoj p\u00ebr t\u00eb q\u00ebndruar n\u00eb kategori, por p\u00ebr t\u00eb qen\u00eb konkurrent. Nuk po investoj as p\u00ebr t\u00eb fituar kampionatin, por vet\u00ebm p\u00ebr t\u00eb qen\u00eb konkurrent\u201d.<\/p>\n<p>Pas nj\u00eb merkatoje fantastike p\u00ebr skuadr\u00ebn e Luft\u00ebtarit ajo duhet t\u00eb p\u00ebrballet me vendimin e UEFA-s.<\/p>\n<p>Nuk ka ende nj\u00eb njoftim zyrtar nga FSHF-ja p\u00ebr d\u00ebnimin dhe natyr\u00ebn e d\u00ebnimit.<\/p>\n","protected":false},"excerpt":{"rendered":"<p>Skandalet n\u00eb futbollin shqiptar nuk kan\u00eb t\u00eb ndalur me raste t\u00eb shumta t\u00eb trukimit t\u00eb ndeshjeve. Pas d\u00ebnimit p\u00ebr Sk\u00ebnderbeun nj\u00eb tjet\u00ebr bomb\u00eb vjen nga UEFA p\u00ebr skuadr\u00ebn e Luft\u00ebtarit. Skuadra gjirokastrite ka qen\u00eb n\u00ebn investigim p\u00ebr ndeshjen e zhvilluar n\u00eb Europa League kund\u00ebr Ventspils. Ata humb\u00ebn ndeshjen e par\u00eb 5-0 n\u00eb Letoni nd\u00ebrsa n\u00eb [&hellip;]<\/p>\n","protected":false},"author":2013,"featured_media":104278,"comment_status":"open","ping_status":"closed","sticky":false,"template":"","format":"standard","meta":{"footnotes":""},"categories":[241,192],"tags":[],"class_list":{"0":"post-104277","1":"post","2":"type-post","3":"status-publish","4":"format-standard","5":"has-post-thumbnail","7":"category-aktualitet","8":"category-sport"},"_links":{"self":[{"href":"https:\/\/zjarr.tv\/sq\/wp-json\/wp\/v2\/posts\/104277","targetHints":{"allow":["GET"]}}],"collection":[{"href":"https:\/\/zjarr.tv\/sq\/wp-json\/wp\/v2\/posts"}],"about":[{"href":"https:\/\/zjarr.tv\/sq\/wp-json\/wp\/v2\/types\/post"}],"author":[{"embeddable":true,"href":"https:\/\/zjarr.tv\/sq\/wp-json\/wp\/v2\/users\/2013"}],"replies":[{"embeddable":true,"href":"https:\/\/zjarr.tv\/sq\/wp-json\/wp\/v2\/comments?post=104277"}],"version-history":[{"count":0,"href":"https:\/\/zjarr.tv\/sq\/wp-json\/wp\/v2\/posts\/104277\/revisions"}],"wp:featuredmedia":[{"embeddable":true,"href":"https:\/\/zjarr.tv\/sq\/wp-json\/wp\/v2\/media\/104278"}],"wp:attachment":[{"href":"https:\/\/zjarr.tv\/sq\/wp-json\/wp\/v2\/media?parent=104277"}],"wp:term":[{"taxonomy":"category","embeddable":true,"href":"https:\/\/zjarr.tv\/sq\/wp-json\/wp\/v2\/categories?post=104277"},{"taxonomy":"post_tag","embeddable":true,"href":"https:\/\/zjarr.tv\/sq\/wp-json\/wp\/v2\/tags?post=104277"}],"curies":[{"name":"wp","href":"https:\/\/api.w.org\/{rel}","templated":true}]}}